{"id":1397,"date":"2022-04-17T23:31:50","date_gmt":"2022-04-17T23:31:50","guid":{"rendered":""},"modified":"-0001-11-30T00:00:00","modified_gmt":"-0001-11-29T22:00:00","slug":"","status":"publish","type":"post","link":"http:\/\/www.chapelle-crecy.com\/?p=1397","title":{"rendered":"Annonces du 18 au 24 avril 2022"},"content":{"rendered":"<div align=\"justify\">Voici les annonces de la p\u00e9riode du lundi 18 au dimanche 24 avril 2022 pour la paroisse des 3 clochers Cr\u00e9cy-la-Chapelle, Villiers-sur-Morin, Voulangis. <\/p>\n<p>Samedi 23 avril \u00e0\u00a0 18 h 30, Messe \u00e0\u00a0 Voulangis<br \/>\nDimanche 24 avril \u00e0\u00a0 10 h, Messe \u00e0\u00a0 Cr\u00e9cy.<br \/>\nTous les d\u00e9tails dans la suite &#8230;\n<\/div>\n<div align=\"center\">\n<table bgcolor =\"FFF6F0\" border=0>\n<tbody>\n<tr>\n<td><font color=\"00A0B0\"><\/p>\n<div align=\"center\"><img decoding=\"async\" src=\"\/IMG\/personnes\/anselme.jpg\" width=150><\/div>\n<p><\/font><\/td>\n<td width=500><font color=\"00A0B0\"><\/p>\n<div align=\"left\">\n<b>Lundi 18 avril<\/b><br \/>\n10 h &#8211; Messe \u00e0 Cr\u00e9cy.<\/p>\n<p><b>Mardi 19 avril<\/b><br \/>\n9 h &#8211; Messe \u00e0 Cr\u00e9cy.<br \/>\n18 h &#8211; r\u00e9p\u00e9tition de la chorale \u00e0 Cr\u00e9cy.<\/p>\n<p><b>Mercredi 20 avril<\/b><br \/>\n11 h &#8211; Obs\u00e8ques \u00e0 Voulangis de Ginette BELLIOT.<br \/>\n18 h 30 &#8211; Messe \u00e0 Cr\u00e9cy.<\/p>\n<p><b>Jeudi 21 avril<\/b> &#8211; <i>Saint Anselme<\/i><br \/>\n9 h &#8211; Messe \u00e0 Cr\u00e9cy.<\/div>\n<p><\/font><\/td>\n<\/tr>\n<\/tbody>\n<\/table>\n<table bgcolor =\"F0F6F6\" border=0>\n<tbody>\n<tr>\n<td width=500><font color=\"00A0B0\"><\/p>\n<div align=\"left\">\n<b>Vendredi 22 avril<\/b> &#8211; <i>Saint Alexandre<\/i><br \/>\n9 h &#8211; Messe \u00e0 Cr\u00e9cy.<\/p>\n<p><b>Samedi 23 avril<\/b><br \/>\n18 h 30 &#8211;  Messe \u00e0 Voulangis pour Pierre BEAUMONT.<br \/>\n18 h 30 &#8211; \u00e0 Cr\u00e9cy, Bapt\u00eame de Lilou HUVIER.<\/p>\n<p><b>Dimanche 24 avril<\/b><br \/>\n<i>2\u00e8me dimanche de P\u00e2ques<\/i><br \/>\n10 h &#8211; \u00e0  Cr\u00e9cy Messe d&rsquo;action de gr\u00e2ce \u00e0 l&rsquo;occasion du d\u00e9part d&rsquo;Eddy et Annie Jaskowiak. Elle sera suivie d&rsquo;un ap\u00e9ritif dinatoire. <br \/>\nNous prions aussi pour Lucienne OGER r\u00e9cemment d\u00e9c\u00e9d\u00e9e .<br \/>\nBapt\u00eame d&rsquo;Ambroise BERTHOUX-FASSE\n<\/div>\n<p><\/font><\/td>\n<td><font color=\"00A0B0\"><\/p>\n<div align=\"center\"><img decoding=\"async\" src=\"\/IMG\/personnes\/alexandre.jpg\" width=150><\/div>\n<p><\/font><\/td>\n<\/tr>\n<\/tbody>\n<\/table>\n<\/div>\n","protected":false},"excerpt":{"rendered":"<p>Voici les annonces de la p\u00e9riode du lundi 18 au dimanche 24 avril 2022 pour la paroisse des 3 clochers Cr\u00e9cy-la-Chapelle, Villiers-sur-Morin, Voulangis. Samedi 23 avril \u00e0\u00a0 18 h 30, Messe \u00e0\u00a0 Voulangis Dimanche&#46;&#46;&#46;<\/p>\n","protected":false},"author":2,"featured_media":0,"comment_status":"open","ping_status":"open","sticky":false,"template":"","format":"standard","meta":{"footnotes":""},"categories":[],"tags":[],"class_list":["post-1397","post","type-post","status-publish","format-standard","hentry"],"_links":{"self":[{"href":"http:\/\/www.chapelle-crecy.com\/index.php?rest_route=\/wp\/v2\/posts\/1397","targetHints":{"allow":["GET"]}}],"collection":[{"href":"http:\/\/www.chapelle-crecy.com\/index.php?rest_route=\/wp\/v2\/posts"}],"about":[{"href":"http:\/\/www.chapelle-crecy.com\/index.php?rest_route=\/wp\/v2\/types\/post"}],"author":[{"embeddable":true,"href":"http:\/\/www.chapelle-crecy.com\/index.php?rest_route=\/wp\/v2\/users\/2"}],"replies":[{"embeddable":true,"href":"http:\/\/www.chapelle-crecy.com\/index.php?rest_route=%2Fwp%2Fv2%2Fcomments&post=1397"}],"version-history":[{"count":0,"href":"http:\/\/www.chapelle-crecy.com\/index.php?rest_route=\/wp\/v2\/posts\/1397\/revisions"}],"wp:attachment":[{"href":"http:\/\/www.chapelle-crecy.com\/index.php?rest_route=%2Fwp%2Fv2%2Fmedia&parent=1397"}],"wp:term":[{"taxonomy":"category","embeddable":true,"href":"http:\/\/www.chapelle-crecy.com\/index.php?rest_route=%2Fwp%2Fv2%2Fcategories&post=1397"},{"taxonomy":"post_tag","embeddable":true,"href":"http:\/\/www.chapelle-crecy.com\/index.php?rest_route=%2Fwp%2Fv2%2Ftags&post=1397"}],"curies":[{"name":"wp","href":"https:\/\/api.w.org\/{rel}","templated":true}]}}