{"id":1399,"date":"2022-05-01T20:15:19","date_gmt":"2022-05-01T20:15:19","guid":{"rendered":""},"modified":"-0001-11-30T00:00:00","modified_gmt":"-0001-11-29T22:00:00","slug":"","status":"publish","type":"post","link":"http:\/\/www.chapelle-crecy.com\/?p=1399","title":{"rendered":"Annonces du 2 au 8 mai 2022"},"content":{"rendered":"<div align=\"justify\">Voici les annonces de la p\u00e9riode du lundi 2 au dimanche 8 mai 2022 pour la paroisse des 3 clochers Cr\u00e9cy-la-Chapelle, Villiers-sur-Morin, Voulangis. <\/p>\n<p>Samedi 7 mai \u00e0\u00a0 18 h 30, Messe \u00e0\u00a0 Voulangis<br \/>\nDimanche 8 mai \u00e0\u00a0 11 h, Messe \u00e0\u00a0 Cr\u00e9cy.<br \/>\nTous les d\u00e9tails dans la suite &#8230;\n<\/div>\n<div align=\"center\">\n<table bgcolor =\"FFF6F6\" border=0>\n<tbody>\n<tr>\n<td><font color=\"00B0F0\"><\/p>\n<div align=\"center\"><img decoding=\"async\" src=\"\/IMG\/personnes\/boris.jpg\" width=150><br \/>Saint Boris<\/div>\n<p><\/font><\/td>\n<td width=500><font color=\"00B0F0\"><\/p>\n<div align=\"left\">\n<b>Lundi 2 mai<\/b><br \/>\n<i>Saint Boris<\/i><br \/>\n17 h 15 &#8211; r\u00e9p\u00e9tition de la chorale \u00e0 Cr\u00e9cy.<\/p>\n<p><b>Jeudi 5 mai<\/b><br \/>\n9 h &#8211; Messe \u00e0 Cr\u00e9cy pour Gis\u00e8le TROUBLE.<\/p>\n<p><b>Vendredi 6 mai<\/b><br \/>\n9 h &#8211;  Messe \u00e0 Cr\u00e9cy, suivie de l&rsquo;adoration du Saint Sacrement<br \/>\n10 h \u00e0 10 h 30 &#8211; Pr\u00e9sence du P\u00e8re Michel au presbyt\u00e8re.<\/p>\n<p><b>Samedi 7 mai<\/b><br \/>\n18 h 30 &#8211;  Messe \u00e0 Voulangis  pour pour Jules et Jos\u00e9phine SCOQUART.<\/p>\n<p><b>Dimanche 8 mai<\/b><br \/>\n<i>4\u00e8me dimanche de P\u00e2ques<\/i><br \/>\n11 h &#8211; \u00e0  Cr\u00e9cy,   Messe de comm\u00e9moration de l&rsquo;armistice du 8 mai 1945.<br \/>\nNous prions pour la paix dans le monde.<br \/>\nAccueil de Heather, en vue de son Bapt\u00eame.\n<\/div>\n<p><\/font><\/td>\n<\/tr>\n<\/tbody>\n<\/table>\n<\/div>\n","protected":false},"excerpt":{"rendered":"<p>Voici les annonces de la p\u00e9riode du lundi 2 au dimanche 8 mai 2022 pour la paroisse des 3 clochers Cr\u00e9cy-la-Chapelle, Villiers-sur-Morin, Voulangis. Samedi 7 mai \u00e0\u00a0 18 h 30, Messe \u00e0\u00a0 Voulangis Dimanche&#46;&#46;&#46;<\/p>\n","protected":false},"author":2,"featured_media":0,"comment_status":"open","ping_status":"open","sticky":false,"template":"","format":"standard","meta":{"footnotes":""},"categories":[],"tags":[],"class_list":["post-1399","post","type-post","status-publish","format-standard","hentry"],"_links":{"self":[{"href":"http:\/\/www.chapelle-crecy.com\/index.php?rest_route=\/wp\/v2\/posts\/1399","targetHints":{"allow":["GET"]}}],"collection":[{"href":"http:\/\/www.chapelle-crecy.com\/index.php?rest_route=\/wp\/v2\/posts"}],"about":[{"href":"http:\/\/www.chapelle-crecy.com\/index.php?rest_route=\/wp\/v2\/types\/post"}],"author":[{"embeddable":true,"href":"http:\/\/www.chapelle-crecy.com\/index.php?rest_route=\/wp\/v2\/users\/2"}],"replies":[{"embeddable":true,"href":"http:\/\/www.chapelle-crecy.com\/index.php?rest_route=%2Fwp%2Fv2%2Fcomments&post=1399"}],"version-history":[{"count":0,"href":"http:\/\/www.chapelle-crecy.com\/index.php?rest_route=\/wp\/v2\/posts\/1399\/revisions"}],"wp:attachment":[{"href":"http:\/\/www.chapelle-crecy.com\/index.php?rest_route=%2Fwp%2Fv2%2Fmedia&parent=1399"}],"wp:term":[{"taxonomy":"category","embeddable":true,"href":"http:\/\/www.chapelle-crecy.com\/index.php?rest_route=%2Fwp%2Fv2%2Fcategories&post=1399"},{"taxonomy":"post_tag","embeddable":true,"href":"http:\/\/www.chapelle-crecy.com\/index.php?rest_route=%2Fwp%2Fv2%2Ftags&post=1399"}],"curies":[{"name":"wp","href":"https:\/\/api.w.org\/{rel}","templated":true}]}}