{"id":140,"date":"2009-06-27T18:40:07","date_gmt":"2009-06-27T18:40:07","guid":{"rendered":""},"modified":"-0001-11-30T00:00:00","modified_gmt":"-0001-11-29T22:00:00","slug":"","status":"publish","type":"post","link":"http:\/\/www.chapelle-crecy.com\/?p=140","title":{"rendered":"Annonces de la semaine du 29 juin au 5 juillet 2009"},"content":{"rendered":"<table bgcolor =\"F0FAFF\" border=0>\n<tbody>\n<tr>\n<td>\n<div align=\"justify\">\n<div \"52\">Voici les annonces de la semaine du lundi 29 juin au dimanche 5 juillet 2009  pour la paroisse des 3 clochers Cr\u00e9cy-la-Chapelle, Villiers-sur-Morin, Voulangis.<\/div>\n<\/div>\n<\/td>\n<\/tr>\n<\/tbody>\n<\/table>\n<table bgcolor =\"F0FAFF\" border=1>\n<tbody>\n<tr>\n<td>\n<table bgcolor =\"F0FAFF\" border=1>\n<tbody>\n<tr>\n<td width=120><font color=\"0020FF\">Lundi 29 juin<\/font><\/td>\n<td><font color=\"0020FF\">11 h &#8211; A l&rsquo;\u00e9glise de cr\u00e9cy, mariage de Joseph et Sophie DIJOUX.<\/font><\/td>\n<\/tr>\n<tr>\n<td><font color=\"0020FF\">Mercredi 1 juillet<\/font><\/td>\n<td><font color=\"0020FF\">15 h &#8211;  A Cr\u00e9cy, messe d&rsquo;obs\u00e8ques d&rsquo;Andr\u00e9e PHILIPPE.<\/font><\/td>\n<\/tr>\n<tr>\n<td><font color=\"0020FF\">Samedi 4 juillet<\/font><\/td>\n<td><font color=\"0020FF\">16 h 15 &#8211; Mariage \u00e0 la coll\u00e9giale de Jean-Michel TRABOT et Caroline GABRIEL.<\/font><\/td>\n<\/tr>\n<tr>\n<td><font color=\"0020FF\">Dimanche 5 juillet<\/font><\/td>\n<td><font color=\"0020FF\">10 h 30   Messe \u00e0 Cr\u00e9cy pour M. et Mme RONDEL.<br \/>\n11 h 30 &#8211; Bapt\u00eame de Mathyse RAMOS et Zacharie MARTIN. <\/font><\/td>\n<\/tr>\n<\/tbody>\n<\/table>\n<\/td>\n<tr>\n<td>\n<div align=\"center\">Il n&rsquo;y aura pas de messe en semaine.<br \/>\nDurant le mois de Juillet, seule la messe dominicale sera c\u00e9l\u00e9br\u00e9e dans la<br \/>\nparoisse. Elle aura lieu \u00e0 Cr\u00e9cy \u00e0 9h \u00e0 l&rsquo;\u00e9glise Saint-Georges (except\u00e9 le dimanche 5).<\/div>\n<\/td>\n<\/tr>\n<\/tbody>\n<\/table>\n<\/td>\n<\/tr>\n<\/tbody>\n<\/table>\n","protected":false},"excerpt":{"rendered":"<p>Voici les annonces de la semaine du lundi 29 juin au dimanche 5 juillet 2009 pour la paroisse des 3 clochers Cr\u00e9cy-la-Chapelle, Villiers-sur-Morin, Voulangis. Lundi 29 juin 11 h &#8211; A l&rsquo;\u00e9glise de cr\u00e9cy,&#46;&#46;&#46;<\/p>\n","protected":false},"author":2,"featured_media":0,"comment_status":"open","ping_status":"open","sticky":false,"template":"","format":"standard","meta":{"footnotes":""},"categories":[],"tags":[],"class_list":["post-140","post","type-post","status-publish","format-standard","hentry"],"_links":{"self":[{"href":"http:\/\/www.chapelle-crecy.com\/index.php?rest_route=\/wp\/v2\/posts\/140","targetHints":{"allow":["GET"]}}],"collection":[{"href":"http:\/\/www.chapelle-crecy.com\/index.php?rest_route=\/wp\/v2\/posts"}],"about":[{"href":"http:\/\/www.chapelle-crecy.com\/index.php?rest_route=\/wp\/v2\/types\/post"}],"author":[{"embeddable":true,"href":"http:\/\/www.chapelle-crecy.com\/index.php?rest_route=\/wp\/v2\/users\/2"}],"replies":[{"embeddable":true,"href":"http:\/\/www.chapelle-crecy.com\/index.php?rest_route=%2Fwp%2Fv2%2Fcomments&post=140"}],"version-history":[{"count":0,"href":"http:\/\/www.chapelle-crecy.com\/index.php?rest_route=\/wp\/v2\/posts\/140\/revisions"}],"wp:attachment":[{"href":"http:\/\/www.chapelle-crecy.com\/index.php?rest_route=%2Fwp%2Fv2%2Fmedia&parent=140"}],"wp:term":[{"taxonomy":"category","embeddable":true,"href":"http:\/\/www.chapelle-crecy.com\/index.php?rest_route=%2Fwp%2Fv2%2Fcategories&post=140"},{"taxonomy":"post_tag","embeddable":true,"href":"http:\/\/www.chapelle-crecy.com\/index.php?rest_route=%2Fwp%2Fv2%2Ftags&post=140"}],"curies":[{"name":"wp","href":"https:\/\/api.w.org\/{rel}","templated":true}]}}