{"id":1403,"date":"2022-05-26T14:26:13","date_gmt":"2022-05-26T14:26:13","guid":{"rendered":""},"modified":"-0001-11-30T00:00:00","modified_gmt":"-0001-11-29T22:00:00","slug":"","status":"publish","type":"post","link":"http:\/\/www.chapelle-crecy.com\/?p=1403","title":{"rendered":"Accueillons ensemble les reliques de sainte Th\u00e9r\u00e8se de Lisieux et de ses parents  saints Louis et Z\u00e9lie Martin"},"content":{"rendered":"<div align=\"justify\">Les jeunes de l&rsquo;aum\u00f4nerie de la vall\u00e9e du Morin sont heureux de vous annoncer la venue des reliques de la famille Martin en la Coll\u00e9giale de Cr\u00e9cy-la-Chapelle, le mardi 14 juin 2022, \u00e0 18h45, accueil des reliques avec les enfants, et soir\u00e9e \u00ab\u00a0P\u00e9tales de roses\u00a0\u00bb \u00e0 20h30 .<br \/>\n Visionnez la [bande-annonce->https:\/\/drive.google.com\/file\/d\/1QSOwiHem1QKFBZF5lpgvrWUiabH9mR1I\/view] (cliquez sur \u00ab\u00a0bande annonce\u00a0\u00bb) qu&rsquo;a produite R\u00e9mi. Venez nombreux v\u00e9n\u00e9rer les reliques de ces saints que nous prierons toute la nuit du 14 au 15 juin pour qu&rsquo;ils soient les messagers de nos demandes aupr\u00e8s de Dieu. Sylvie Buisset, avec sa voix sublime, \u00e9l\u00e8vera nos pri\u00e8res par des chants de louanges  et nous fera vivre une soir\u00e9e \u00ab\u00a0p\u00e9tales de roses\u00a0\u00bb de toute beaut\u00e9. Pour ceux qui le souhaitent, vous pourrez d\u00e9poser le fardeau de vos vies aupr\u00e8s de pr\u00eatres pr\u00e9sents pour le sacrement de r\u00e9conciliation, ou aupr\u00e8s de personnes \u00e9coutantes.<br \/>\n Venez vivre une exp\u00e9rience de coeur \u00e0 coeur avec ces saints qui viennent nous rendre visite, ici, chez nous, et qui ne vous laissera pas indiff\u00e9rents.<\/p>\n<p>En compl\u00e9ment une vid\u00e9o produite par les scouts sur la venue des reliques : <a href=\"https:\/\/drive.google.com\/file\/d\/1SWvxlHfuqJ5JZ8rvBfWkHKv_WDwIArYf\/view\"  target=\"blank\">La venue des reliques<\/a><\/div>\n<p><img decoding=\"async\" src=\"http:\/\/www.chapelle-crecy.com\/IMG\/arton1414.jpg\"><\/p>\n","protected":false},"excerpt":{"rendered":"<p>Les jeunes de l&rsquo;aum\u00f4nerie de la vall\u00e9e du Morin sont heureux de vous annoncer la venue des reliques de la famille Martin en la Coll\u00e9giale de Cr\u00e9cy-la-Chapelle, le mardi 14 juin 2022, \u00e0 18h45,&#46;&#46;&#46;<\/p>\n","protected":false},"author":2,"featured_media":0,"comment_status":"open","ping_status":"open","sticky":false,"template":"","format":"standard","meta":{"footnotes":""},"categories":[],"tags":[],"class_list":["post-1403","post","type-post","status-publish","format-standard","hentry"],"_links":{"self":[{"href":"http:\/\/www.chapelle-crecy.com\/index.php?rest_route=\/wp\/v2\/posts\/1403","targetHints":{"allow":["GET"]}}],"collection":[{"href":"http:\/\/www.chapelle-crecy.com\/index.php?rest_route=\/wp\/v2\/posts"}],"about":[{"href":"http:\/\/www.chapelle-crecy.com\/index.php?rest_route=\/wp\/v2\/types\/post"}],"author":[{"embeddable":true,"href":"http:\/\/www.chapelle-crecy.com\/index.php?rest_route=\/wp\/v2\/users\/2"}],"replies":[{"embeddable":true,"href":"http:\/\/www.chapelle-crecy.com\/index.php?rest_route=%2Fwp%2Fv2%2Fcomments&post=1403"}],"version-history":[{"count":0,"href":"http:\/\/www.chapelle-crecy.com\/index.php?rest_route=\/wp\/v2\/posts\/1403\/revisions"}],"wp:attachment":[{"href":"http:\/\/www.chapelle-crecy.com\/index.php?rest_route=%2Fwp%2Fv2%2Fmedia&parent=1403"}],"wp:term":[{"taxonomy":"category","embeddable":true,"href":"http:\/\/www.chapelle-crecy.com\/index.php?rest_route=%2Fwp%2Fv2%2Fcategories&post=1403"},{"taxonomy":"post_tag","embeddable":true,"href":"http:\/\/www.chapelle-crecy.com\/index.php?rest_route=%2Fwp%2Fv2%2Ftags&post=1403"}],"curies":[{"name":"wp","href":"https:\/\/api.w.org\/{rel}","templated":true}]}}