{"id":1404,"date":"2022-05-29T20:37:52","date_gmt":"2022-05-29T20:37:52","guid":{"rendered":""},"modified":"-0001-11-30T00:00:00","modified_gmt":"-0001-11-29T22:00:00","slug":"","status":"publish","type":"post","link":"http:\/\/www.chapelle-crecy.com\/?p=1404","title":{"rendered":"Annonces du 30 mai au 5 juin 2022"},"content":{"rendered":"<div align=\"justify\">Voici les annonces de la p\u00e9riode du lundi 30 mai au dimanche 5 juin 2022 pour la paroisse des 3 clochers Cr\u00e9cy-la-Chapelle, Villiers-sur-Morin, Voulangis. <\/p>\n<p>Samedi 4 juin \u00e0\u00a0 18 h 30, Messe \u00e0\u00a0 Voulangis<br \/>\nDimanche 5 juin \u00e0\u00a0 10 h 30, Messe \u00e0\u00a0 la Coll\u00e9giale.<br \/>\nTous les d\u00e9tails dans la suite &#8230;\n<\/div>\n<div align=\"center\">\n<table bgcolor =\"FFF6F6\" border=0>\n<tbody>\n<tr>\n<td><font color=\"00B0F0\"><\/p>\n<div align=\"center\"><img decoding=\"async\" src=\"\/IMG\/personnes\/clotilde.jpg\" width=150><br \/>Sainte Clotilde<\/div>\n<p><\/font><\/td>\n<td width=500><font color=\"00B0F0\"><\/p>\n<div align=\"left\">\n<b>Jeudi 2 juin<\/b><br \/>\n9 h &#8211; Messe \u00e0 Cr\u00e9cy.<\/p>\n<p><b>Vendredi 3 juin<\/b><br \/>\n9 h &#8211; Messe \u00e0 Cr\u00e9cy, suivie d&rsquo;un temps d&rsquo;adoration du St Sacrement.<\/p>\n<p><b>Samedi 4 juin<\/b><br \/>\n<i>Sainte Clotilde<\/i><br \/>\n17 h &#8211; r\u00e9union du groupe de pri\u00e8re \u00e0 Cr\u00e9cy.<br \/>\n17 h &#8211; Bapt\u00eame \u00e0 Voulangis d&rsquo;Apoline DELPALES<br \/>\n18 h 30 &#8211;  Messe \u00e0 Voulangis.<\/p>\n<p><b>Dimanche 5 juin<\/b><br \/>\n<b>PENTECOTE<\/b><br \/>\n10 h 30 &#8211; Messe de Profession de Foi \u00e0 la Coll\u00e9giale.\n<\/div>\n<p><\/font><\/td>\n<\/tr>\n<\/tbody>\n<\/table>\n<\/div>\n","protected":false},"excerpt":{"rendered":"<p>Voici les annonces de la p\u00e9riode du lundi 30 mai au dimanche 5 juin 2022 pour la paroisse des 3 clochers Cr\u00e9cy-la-Chapelle, Villiers-sur-Morin, Voulangis. Samedi 4 juin \u00e0\u00a0 18 h 30, Messe \u00e0\u00a0 Voulangis&#46;&#46;&#46;<\/p>\n","protected":false},"author":2,"featured_media":0,"comment_status":"open","ping_status":"open","sticky":false,"template":"","format":"standard","meta":{"footnotes":""},"categories":[],"tags":[],"class_list":["post-1404","post","type-post","status-publish","format-standard","hentry"],"_links":{"self":[{"href":"http:\/\/www.chapelle-crecy.com\/index.php?rest_route=\/wp\/v2\/posts\/1404","targetHints":{"allow":["GET"]}}],"collection":[{"href":"http:\/\/www.chapelle-crecy.com\/index.php?rest_route=\/wp\/v2\/posts"}],"about":[{"href":"http:\/\/www.chapelle-crecy.com\/index.php?rest_route=\/wp\/v2\/types\/post"}],"author":[{"embeddable":true,"href":"http:\/\/www.chapelle-crecy.com\/index.php?rest_route=\/wp\/v2\/users\/2"}],"replies":[{"embeddable":true,"href":"http:\/\/www.chapelle-crecy.com\/index.php?rest_route=%2Fwp%2Fv2%2Fcomments&post=1404"}],"version-history":[{"count":0,"href":"http:\/\/www.chapelle-crecy.com\/index.php?rest_route=\/wp\/v2\/posts\/1404\/revisions"}],"wp:attachment":[{"href":"http:\/\/www.chapelle-crecy.com\/index.php?rest_route=%2Fwp%2Fv2%2Fmedia&parent=1404"}],"wp:term":[{"taxonomy":"category","embeddable":true,"href":"http:\/\/www.chapelle-crecy.com\/index.php?rest_route=%2Fwp%2Fv2%2Fcategories&post=1404"},{"taxonomy":"post_tag","embeddable":true,"href":"http:\/\/www.chapelle-crecy.com\/index.php?rest_route=%2Fwp%2Fv2%2Ftags&post=1404"}],"curies":[{"name":"wp","href":"https:\/\/api.w.org\/{rel}","templated":true}]}}