{"id":1408,"date":"2022-06-21T15:30:00","date_gmt":"2022-06-21T15:30:00","guid":{"rendered":""},"modified":"-0001-11-30T00:00:00","modified_gmt":"-0001-11-29T22:00:00","slug":"","status":"publish","type":"post","link":"http:\/\/www.chapelle-crecy.com\/?p=1408","title":{"rendered":"Reliques de Sainte Th\u00e9r\u00e8se. Et apr\u00e8s ?"},"content":{"rendered":"<p>En images, des souvenirs de cette c\u00e9r\u00e9monie \u00e9mouvante et unique.<\/p>\n<div align=\"center\">\n<img decoding=\"async\" src=\"\/IMG\/reportages\/therese\/therese9.jpg\" height=500><br \/>\n<img decoding=\"async\" src=\"\/IMG\/reportages\/therese\/therese10.jpg\" height=500><br \/>\n<img decoding=\"async\" src=\"\/IMG\/reportages\/therese\/therese11.jpg\" height=500><br \/>\n<img decoding=\"async\" src=\"\/IMG\/reportages\/therese\/therese12.jpg\" height=500><br \/>\n<img decoding=\"async\" src=\"\/IMG\/reportages\/therese\/therese13.jpg\" height=500><br \/>\n<img decoding=\"async\" src=\"\/IMG\/reportages\/therese\/therese2.jpg\" height=600><br \/>\n<img decoding=\"async\" src=\"\/IMG\/reportages\/therese\/therese3.jpg\" height=600><br \/>\n<img decoding=\"async\" src=\"\/IMG\/reportages\/therese\/therese14.jpg\" height=500><br \/>\n<img decoding=\"async\" src=\"\/IMG\/reportages\/therese\/therese15.jpg\" height=500><br \/>\n<img decoding=\"async\" src=\"\/IMG\/reportages\/therese\/therese16.jpg\" height=500><br \/>\n<img decoding=\"async\" src=\"\/IMG\/reportages\/therese\/therese17.jpg\" height=500><br \/>\n<img decoding=\"async\" src=\"\/IMG\/reportages\/therese\/therese18.jpg\" height=500><br \/>\n<img decoding=\"async\" src=\"\/IMG\/reportages\/therese\/therese19.jpg\" height=500><br \/>\n<img decoding=\"async\" src=\"\/IMG\/reportages\/therese\/therese20.jpg\" height=500><br \/>\n<img decoding=\"async\" src=\"\/IMG\/reportages\/therese\/therese5.jpg\" height=400><br \/>\n<img decoding=\"async\" src=\"\/IMG\/reportages\/therese\/therese6.jpg\" height=500><br \/>\n<img decoding=\"async\" src=\"\/IMG\/reportages\/therese\/therese8.jpg\" height=500>br><\/p>\n<\/div>\n","protected":false},"excerpt":{"rendered":"<p>En images, des souvenirs de cette c\u00e9r\u00e9monie \u00e9mouvante et unique. br><\/p>\n","protected":false},"author":2,"featured_media":0,"comment_status":"open","ping_status":"open","sticky":false,"template":"","format":"standard","meta":{"footnotes":""},"categories":[],"tags":[],"class_list":["post-1408","post","type-post","status-publish","format-standard","hentry"],"_links":{"self":[{"href":"http:\/\/www.chapelle-crecy.com\/index.php?rest_route=\/wp\/v2\/posts\/1408","targetHints":{"allow":["GET"]}}],"collection":[{"href":"http:\/\/www.chapelle-crecy.com\/index.php?rest_route=\/wp\/v2\/posts"}],"about":[{"href":"http:\/\/www.chapelle-crecy.com\/index.php?rest_route=\/wp\/v2\/types\/post"}],"author":[{"embeddable":true,"href":"http:\/\/www.chapelle-crecy.com\/index.php?rest_route=\/wp\/v2\/users\/2"}],"replies":[{"embeddable":true,"href":"http:\/\/www.chapelle-crecy.com\/index.php?rest_route=%2Fwp%2Fv2%2Fcomments&post=1408"}],"version-history":[{"count":0,"href":"http:\/\/www.chapelle-crecy.com\/index.php?rest_route=\/wp\/v2\/posts\/1408\/revisions"}],"wp:attachment":[{"href":"http:\/\/www.chapelle-crecy.com\/index.php?rest_route=%2Fwp%2Fv2%2Fmedia&parent=1408"}],"wp:term":[{"taxonomy":"category","embeddable":true,"href":"http:\/\/www.chapelle-crecy.com\/index.php?rest_route=%2Fwp%2Fv2%2Fcategories&post=1408"},{"taxonomy":"post_tag","embeddable":true,"href":"http:\/\/www.chapelle-crecy.com\/index.php?rest_route=%2Fwp%2Fv2%2Ftags&post=1408"}],"curies":[{"name":"wp","href":"https:\/\/api.w.org\/{rel}","templated":true}]}}