{"id":1410,"date":"2022-06-19T20:48:43","date_gmt":"2022-06-19T20:48:43","guid":{"rendered":""},"modified":"-0001-11-30T00:00:00","modified_gmt":"-0001-11-29T22:00:00","slug":"","status":"publish","type":"post","link":"http:\/\/www.chapelle-crecy.com\/?p=1410","title":{"rendered":"Annonces du 20 au 26 juin 2022"},"content":{"rendered":"<div align=\"justify\">Voici les annonces de la p\u00e9riode du lundi 20 au dimanche 26 juin 2022 pour la paroisse des 3 clochers Cr\u00e9cy-la-Chapelle, Villiers-sur-Morin, Voulangis. <\/p>\n<p>Samedi 25 juin \u00e0\u00a0 18 h 30, Messe \u00e0\u00a0 Voulangis<br \/>\nDimanche 26 juin \u00e0\u00a0 10 h, Messe \u00e0\u00a0 la Coll\u00e9giale.<br \/>\nTous les d\u00e9tails dans la suite &#8230;\n<\/div>\n<div align=\"center\">\n<table bgcolor =\"FFF6F6\" border=0>\n<tbody>\n<tr>\n<td><font color=\"00B0F0\"><\/p>\n<div align=\"center\"><img decoding=\"async\" src=\"\/IMG\/personnes\/alban.jpg\" width=150><br \/>Saint Alban<\/div>\n<p><\/font><\/td>\n<td width=500><font color=\"00B0F0\"><\/p>\n<div align=\"left\">\n<b>Mercredi 22 juin<\/b><br \/>\n<i>Saint Alban<\/i><br \/>\n15 h &#8211; \u00e0 la Coll\u00e9giale, Obs\u00e8ques de Jacques BACOUP.<\/p>\n<p><b>Jeudi 23 juin<\/b><br \/>\n9 h &#8211; Messe \u00e0  Cr\u00e9cy pour Andr\u00e9 PANHARD.<\/p>\n<p><b>Samedi 25 juin<\/b><br \/>\n14 h &#8211; \u00e0 la Coll\u00e9giale, mariage de Thibault GALAS et Coralline MANIER.<br \/>\n16 h &#8211; \u00e0 la Coll\u00e9giale, mariage de S\u00e9bastien MOREIRA et Ir\u00e8ne LAHAILLE.<br \/>\n18 h 30 &#8211;  Messe \u00e0 Voulangis.<\/p>\n<p><b>Dimanche 26 juin<\/b><br \/>\n10 h &#8211; \u00e0 la Coll\u00e9giale, Messe d&rsquo;adieu du P\u00e8re Peterson.<br \/>\nNous prierons pour Jacques BACOUP et Gilbert COUVRI inhum\u00e9s cette semaine.\n<\/div>\n<p><\/font><\/td>\n<\/tr>\n<\/tbody>\n<\/table>\n<\/div>\n","protected":false},"excerpt":{"rendered":"<p>Voici les annonces de la p\u00e9riode du lundi 20 au dimanche 26 juin 2022 pour la paroisse des 3 clochers Cr\u00e9cy-la-Chapelle, Villiers-sur-Morin, Voulangis. Samedi 25 juin \u00e0\u00a0 18 h 30, Messe \u00e0\u00a0 Voulangis Dimanche&#46;&#46;&#46;<\/p>\n","protected":false},"author":2,"featured_media":0,"comment_status":"open","ping_status":"open","sticky":false,"template":"","format":"standard","meta":{"footnotes":""},"categories":[],"tags":[],"class_list":["post-1410","post","type-post","status-publish","format-standard","hentry"],"_links":{"self":[{"href":"http:\/\/www.chapelle-crecy.com\/index.php?rest_route=\/wp\/v2\/posts\/1410","targetHints":{"allow":["GET"]}}],"collection":[{"href":"http:\/\/www.chapelle-crecy.com\/index.php?rest_route=\/wp\/v2\/posts"}],"about":[{"href":"http:\/\/www.chapelle-crecy.com\/index.php?rest_route=\/wp\/v2\/types\/post"}],"author":[{"embeddable":true,"href":"http:\/\/www.chapelle-crecy.com\/index.php?rest_route=\/wp\/v2\/users\/2"}],"replies":[{"embeddable":true,"href":"http:\/\/www.chapelle-crecy.com\/index.php?rest_route=%2Fwp%2Fv2%2Fcomments&post=1410"}],"version-history":[{"count":0,"href":"http:\/\/www.chapelle-crecy.com\/index.php?rest_route=\/wp\/v2\/posts\/1410\/revisions"}],"wp:attachment":[{"href":"http:\/\/www.chapelle-crecy.com\/index.php?rest_route=%2Fwp%2Fv2%2Fmedia&parent=1410"}],"wp:term":[{"taxonomy":"category","embeddable":true,"href":"http:\/\/www.chapelle-crecy.com\/index.php?rest_route=%2Fwp%2Fv2%2Fcategories&post=1410"},{"taxonomy":"post_tag","embeddable":true,"href":"http:\/\/www.chapelle-crecy.com\/index.php?rest_route=%2Fwp%2Fv2%2Ftags&post=1410"}],"curies":[{"name":"wp","href":"https:\/\/api.w.org\/{rel}","templated":true}]}}