{"id":1418,"date":"2022-09-18T20:15:46","date_gmt":"2022-09-18T20:15:46","guid":{"rendered":""},"modified":"-0001-11-30T00:00:00","modified_gmt":"-0001-11-29T22:00:00","slug":"","status":"publish","type":"post","link":"http:\/\/www.chapelle-crecy.com\/?p=1418","title":{"rendered":"Annonces du 19 au 25 septembre 2022"},"content":{"rendered":"<div align=\"justify\">Voici les annonces de la p\u00e9riode du lundi 19 au dimanche 25 septembre 2022 pour la paroisse des 3 clochers Cr\u00e9cy-la-Chapelle, Villiers-sur-Morin, Voulangis. <\/p>\n<p>Samedi 24 septembre, messe \u00e0\u00a0 Voulangis \u00e0\u00a0 18h30<br \/>\nDimanche 25 septembre, messe \u00e0\u00a0 la coll\u00e9giale \u00e0\u00a0 10h30<br \/>\nTous les d\u00e9tails dans la suite &#8230;\n<\/div>\n<div align=\"center\">\n<table bgcolor =\"FFF6F6\" border=0>\n<tbody>\n<tr>\n<td width=500><font color=\"00B0F0\"><\/p>\n<div align=\"left\">\n<b>Lundi 19 septembre<\/b><br \/>\n20 h  R\u00e9p\u00e9tition de la chorale \u00e0 St Georges<\/p>\n<p><b>Mardi 20 septembre<\/b><br \/>\n9 h &#8211; Messe \u00e0 Cr\u00e9cy.<\/p>\n<p><b>Jeudi 22 septembre<\/b><br \/>\n9 h &#8211; Messe \u00e0 Cr\u00e9cy.<br \/>\n20 h 30  Groupe de pri\u00e8re \u00e0 Cr\u00e9cy.<\/p>\n<p><b>Vendredi 23 septembre<\/b><br \/>\n<i>St Padre Pio<\/i><br \/>\n18 h  Messe \u00e0 Cr\u00e9cy suivie de l&rsquo;Adoration du Saint Sacrement.\n<\/div>\n<p><\/font><\/td>\n<td><font color=\"00B0F0\"><\/p>\n<div align=\"center\"><img decoding=\"async\" src=\"\/IMG\/personnes\/pio.jpg\" width=150><br \/><i>St Padre Pio<\/i><\/div>\n<p><\/font><\/td>\n<\/tr>\n<\/tbody>\n<\/table>\n<\/div>\n<table bgcolor =\"FFF6F6\" border=0>\n<tbody>\n<tr>\n<td ><font color=\"00B0F0\"><\/p>\n<div align=\"left\">\n<b>Samedi 24 septembre<\/b><br \/>\n11 h  \u00e0 Cr\u00e9cy Bapt\u00eame de Myliann MARIE-LUCE, Maiwenn,  Jaheli et Jaeden EDMOND.<br \/>\n18 h 30 &#8211; Messe \u00e0 Voulangis.<\/p>\n<p><b>Dimanche 25 septembre<\/b><br \/>\n10 h 30 &#8211; Messe de rentr\u00e9e de la cat\u00e9ch\u00e8se \u00e0 la COLLEGIALE, avec b\u00e9n\u00e9diction des cartables et des familles  et inscriptions \u00e0 l&rsquo;aum\u00f4nerie, suivi du pot de l&rsquo;amiti\u00e9, d&rsquo;une vente de g\u00e2teaux et d&rsquo;un pique-nique tir\u00e9 du sac.<br \/>\n11 h 30 &#8211; Bapt\u00eame de Th\u00e9a BENVENUTI \u00e0 la Coll\u00e9giale.\n<\/div>\n<p><\/font><\/td>\n<\/tr>\n<\/tbody>\n<\/table>\n","protected":false},"excerpt":{"rendered":"<p>Voici les annonces de la p\u00e9riode du lundi 19 au dimanche 25 septembre 2022 pour la paroisse des 3 clochers Cr\u00e9cy-la-Chapelle, Villiers-sur-Morin, Voulangis. Samedi 24 septembre, messe \u00e0\u00a0 Voulangis \u00e0\u00a0 18h30 Dimanche 25 septembre,&#46;&#46;&#46;<\/p>\n","protected":false},"author":2,"featured_media":0,"comment_status":"open","ping_status":"open","sticky":false,"template":"","format":"standard","meta":{"footnotes":""},"categories":[],"tags":[],"class_list":["post-1418","post","type-post","status-publish","format-standard","hentry"],"_links":{"self":[{"href":"http:\/\/www.chapelle-crecy.com\/index.php?rest_route=\/wp\/v2\/posts\/1418","targetHints":{"allow":["GET"]}}],"collection":[{"href":"http:\/\/www.chapelle-crecy.com\/index.php?rest_route=\/wp\/v2\/posts"}],"about":[{"href":"http:\/\/www.chapelle-crecy.com\/index.php?rest_route=\/wp\/v2\/types\/post"}],"author":[{"embeddable":true,"href":"http:\/\/www.chapelle-crecy.com\/index.php?rest_route=\/wp\/v2\/users\/2"}],"replies":[{"embeddable":true,"href":"http:\/\/www.chapelle-crecy.com\/index.php?rest_route=%2Fwp%2Fv2%2Fcomments&post=1418"}],"version-history":[{"count":0,"href":"http:\/\/www.chapelle-crecy.com\/index.php?rest_route=\/wp\/v2\/posts\/1418\/revisions"}],"wp:attachment":[{"href":"http:\/\/www.chapelle-crecy.com\/index.php?rest_route=%2Fwp%2Fv2%2Fmedia&parent=1418"}],"wp:term":[{"taxonomy":"category","embeddable":true,"href":"http:\/\/www.chapelle-crecy.com\/index.php?rest_route=%2Fwp%2Fv2%2Fcategories&post=1418"},{"taxonomy":"post_tag","embeddable":true,"href":"http:\/\/www.chapelle-crecy.com\/index.php?rest_route=%2Fwp%2Fv2%2Ftags&post=1418"}],"curies":[{"name":"wp","href":"https:\/\/api.w.org\/{rel}","templated":true}]}}