{"id":142,"date":"2009-07-02T09:31:01","date_gmt":"2009-07-02T09:31:01","guid":{"rendered":""},"modified":"-0001-11-30T00:00:00","modified_gmt":"-0001-11-29T22:00:00","slug":"","status":"publish","type":"post","link":"http:\/\/www.chapelle-crecy.com\/?p=142","title":{"rendered":"Remerciements municipaux au p\u00e8re Guillaume Chogolou"},"content":{"rendered":"<table bgcolor =\"F0FAFF\" border=0>\n<tbody>\n<tr>\n<td>\n<div align=\"justify\">\n<div \"54\">Les maires de Cr\u00e9cy-la-Chapelle, Villiers-sur-Morin et Voulangis ont honor\u00e9 le p\u00e8re Guillaume Chogolou, pr\u00eatre du secteur paroissial des 3 Clochers, lors d&rsquo;une rencontre conviviale et chaleureuse, mardi 23 juin, \u00e0\u00a0 la salle Altmann de Cr\u00e9cy. <\/p><\/div>\n<\/div>\n<\/td>\n<\/tr>\n<\/tbody>\n<\/table>\n<table bgcolor =\"F0FAFF\" border=0>\n<tbody>\n<tr>\n<td>\n<div align=\"justify\">Apr\u00e8s cinq ann\u00e9es pass\u00e9es sur notre secteur, le p\u00e8re Guillaume Chogolou se pr\u00e9pare \u00e0 retourner dans son pays natal, le B\u00e9nin, \u00e0 Cotonou exactement, vers la fin ao\u00fbt. Les 3 municipalit\u00e9s environnantes ont voulu marquer leur remerciement \u00e0 Guillaume pour tout le bien-\u00eatre spirituel et humain qu&rsquo;il a apport\u00e9 aux habitants. La pr\u00e9sence des p\u00e8res Michel Henrie, vicaire g\u00e9n\u00e9ral du dioc\u00e8se de Seine-et-Marne, Jean-Claude Marjou, vicaire \u00e9piscopal charg\u00e9 du vicariat Nord, Philippe Legrand, cur\u00e9 responsable du p\u00f4le missionnaire de Meaux et de Jean Vale, pr\u00eatre r\u00e9f\u00e9rent sur Nanteuil-les-Meaux a apport\u00e9 un beau signe d&rsquo;amiti\u00e9 et d&rsquo;unit\u00e9 pastorale envers Guillaume.<\/div>\n<p> <\/p>\n<div align=\"center\"><img decoding=\"async\" src=\"\/IMG\/reportages\/guillaume\/mairie21.JPG\" ><br \/><i>De gauche \u00e0 droite : P\u00e8re P.Legrand, P\u00e8re M.Henrie, P\u00e8re Guillaume, M.Houel, P\u00e8re J.C. Marjou et P\u00e8re J. Vale.<\/i><\/div>\n<p><bR> <\/p>\n<div align=\"justify\">\nM.Houel, s\u00e9nateur-maire de Cr\u00e9cy-la-Chapelle a racont\u00e9 sa rencontre \u00ab providentielle \u00bb avec Guillaume sur un lieu de vacances en France. Cela a \u00e9t\u00e9 le d\u00e9but d&rsquo;une belle histoire qui a permis la venue du P\u00e8re Guillaume dans notre secteur, avec l&rsquo;accord de son \u00e9v\u00eaque dioc\u00e9sain b\u00e9ninois et l&rsquo;accord de Mgr Albert-Marie de Monl\u00e9on, \u00e9v\u00eaque du dioc\u00e8se de Meaux.<\/div>\n<p> <\/p>\n<div align=\"center\"><img decoding=\"async\" src=\"\/IMG\/reportages\/guillaume\/mairie16.JPG\" width=350><\/div>\n<p><bR> <\/p>\n<div align=\"justify\">Quand il y a quelques mois, M.Houel a demand\u00e9 d\u00e9licatement \u00e0 Guillaume ce qui pourrait lui faire plaisir comme cadeau pour son d\u00e9part, celui-ci lui a r\u00e9pondu qu&rsquo;il ne souhaitait pas de cadeau personnel. Il a \u00e9t\u00e9 d\u00e9cid\u00e9 ensuite, avec l&rsquo;accord de Guillaume et sur sa proposition, de financer un projet de cr\u00e9ation de ferme d&rsquo;\u00e9levage (porcs, ch\u00e8vres, bovins) \u00e0 Tori- Cada, dans la r\u00e9gion de Cotonou, avec des emplois de jeunes du secteur \u00e0 la cl\u00e9. C&rsquo;est ainsi que l&rsquo;association \u00ab AMITIE BRIE\/BENIN \u00bb est n\u00e9e des soins attentifs et diligents de Jacques Guillaumy. Elle est actuellement pr\u00e9sid\u00e9e par Jacques Poiret, habitant de Cr\u00e9cy, dont le premier objectif est la r\u00e9colte des dons. Les municipalit\u00e9s de Cr\u00e9cy-Villiers-Voulangis participent financi\u00e8rement \u00e0 plus de 65%  du projet sous forme de subventions, le solde \u00e9tant combl\u00e9 par les dons des habitants du secteur, paroissiens ou non.<\/div>\n<p> <\/p>\n<div align=\"center\"><img decoding=\"async\" src=\"\/IMG\/reportages\/guillaume\/mairie6.JPG\"  width=350><br \/><i>De gauche \u00e0 droite, Jacques Guillaumy, conseiller municipal et membre du conseil d&rsquo;administration de l&rsquo;Association,  Jacques Poiret, pr\u00e9sident de l&rsquo;Association, le P\u00e8re Guillaume, M. Houel, M. Chamaillard et M. Hermann.<\/i><\/div>\n<p><bR> <\/p>\n<div align=\"justify\">Guillaume a remerci\u00e9 chacun pour sa g\u00e9n\u00e9rosit\u00e9 et l&rsquo;accueil qu&rsquo;il a re\u00e7u pendant ces 5 ann\u00e9es qui lui ont paru passer tr\u00e8s vite. Mais comme Guillaume l&rsquo;a dit, il est un temps pour naitre, un temps pour partir. <\/div>\n<p> <\/p>\n<div align=\"center\"><img decoding=\"async\" src=\"\/IMG\/reportages\/guillaume\/mairie10.JPG\" ><\/div>\n<p><bR> <\/p>\n<div align=\"justify\">Le P\u00e8re Michel Henrie, quant \u00e0 lui, a relev\u00e9 avec plaisir l&rsquo;exemple de la bonne entente entre monde la\u00efc, repr\u00e9sent\u00e9 par la pr\u00e9sence des trois maires du secteur, accompagn\u00e9s de quelques membres de leur \u00e9quipe municipale et le monde eccl\u00e9sial, repr\u00e9sent\u00e9 par les pr\u00eatres pr\u00e9sents et quelques paroissiens. <\/div>\n<p><\/br> <\/p>\n<div align=\"center\"><img decoding=\"async\" src=\"\/IMG\/reportages\/guillaume\/mairie9_1.jpg\" ><\/div>\n<p><bR> <\/p>\n<div align=\"justify\">Quelques cadeaux plus personnels ont \u00e9t\u00e9 offerts \u00e0 la fin de la partie \u00ab discours \u00bb, une montre (\u00ab les Europ\u00e9ens ont une montre, les Africains ont le temps \u00bb, a rappel\u00e9 le P\u00e8re Guillaume), un livre sur Cr\u00e9cy et une immense photo de la Coll\u00e9giale prise lors de la messe d&rsquo;actions de gr\u00e2ce du 21 juin, qui a \u00e9t\u00e9 aussi une messe de remerciements de la communaut\u00e9 paroissiale \u00e0 son pr\u00eatre r\u00e9f\u00e9rent (un article sur cette messe est en pr\u00e9paration) Cette photo, Guillaume aura du mal \u00e0 la plier dans son portefeuille !<\/div>\n<p> <\/p>\n<div align=\"center\"><img decoding=\"async\" src=\"\/IMG\/reportages\/guillaume\/mairie13.JPG\" width=350><\/div>\n<p><bR> <\/p>\n<div align=\"justify\">C&rsquo;est ensuite autour d&rsquo;un verre d&rsquo;amiti\u00e9 que tous et toutes se sont r\u00e9unis pour f\u00eater Guillaume. <\/div>\n<\/td>\n<\/tr>\n<\/tbody>\n<\/table>\n","protected":false},"excerpt":{"rendered":"<p>Les maires de Cr\u00e9cy-la-Chapelle, Villiers-sur-Morin et Voulangis ont honor\u00e9 le p\u00e8re Guillaume Chogolou, pr\u00eatre du secteur paroissial des 3 Clochers, lors d&rsquo;une rencontre conviviale et chaleureuse, mardi 23 juin, \u00e0\u00a0 la salle Altmann de&#46;&#46;&#46;<\/p>\n","protected":false},"author":2,"featured_media":0,"comment_status":"open","ping_status":"open","sticky":false,"template":"","format":"standard","meta":{"footnotes":""},"categories":[],"tags":[],"class_list":["post-142","post","type-post","status-publish","format-standard","hentry"],"_links":{"self":[{"href":"http:\/\/www.chapelle-crecy.com\/index.php?rest_route=\/wp\/v2\/posts\/142","targetHints":{"allow":["GET"]}}],"collection":[{"href":"http:\/\/www.chapelle-crecy.com\/index.php?rest_route=\/wp\/v2\/posts"}],"about":[{"href":"http:\/\/www.chapelle-crecy.com\/index.php?rest_route=\/wp\/v2\/types\/post"}],"author":[{"embeddable":true,"href":"http:\/\/www.chapelle-crecy.com\/index.php?rest_route=\/wp\/v2\/users\/2"}],"replies":[{"embeddable":true,"href":"http:\/\/www.chapelle-crecy.com\/index.php?rest_route=%2Fwp%2Fv2%2Fcomments&post=142"}],"version-history":[{"count":0,"href":"http:\/\/www.chapelle-crecy.com\/index.php?rest_route=\/wp\/v2\/posts\/142\/revisions"}],"wp:attachment":[{"href":"http:\/\/www.chapelle-crecy.com\/index.php?rest_route=%2Fwp%2Fv2%2Fmedia&parent=142"}],"wp:term":[{"taxonomy":"category","embeddable":true,"href":"http:\/\/www.chapelle-crecy.com\/index.php?rest_route=%2Fwp%2Fv2%2Fcategories&post=142"},{"taxonomy":"post_tag","embeddable":true,"href":"http:\/\/www.chapelle-crecy.com\/index.php?rest_route=%2Fwp%2Fv2%2Ftags&post=142"}],"curies":[{"name":"wp","href":"https:\/\/api.w.org\/{rel}","templated":true}]}}