{"id":1420,"date":"2022-10-02T17:51:54","date_gmt":"2022-10-02T17:51:54","guid":{"rendered":""},"modified":"-0001-11-30T00:00:00","modified_gmt":"-0001-11-29T22:00:00","slug":"","status":"publish","type":"post","link":"http:\/\/www.chapelle-crecy.com\/?p=1420","title":{"rendered":"Annonces du 3 au 9 octobre 2022"},"content":{"rendered":"<div align=\"justify\">Voici les annonces de la p\u00e9riode du lundi 3 au dimanche 9 octobre 2022 pour la paroisse des 3 clochers Cr\u00e9cy-la-Chapelle, Villiers-sur-Morin, Voulangis. <\/p>\n<p>Samedi 8 octobre, messe \u00e0\u00a0 Voulangis \u00e0\u00a0 18h30<br \/>\nDimanche 9 octobre, messe \u00e0\u00a0 la coll\u00e9giale \u00e0\u00a0 10h30<br \/>\nTous les d\u00e9tails dans la suite &#8230;\n<\/div>\n<div align=\"center\">\n<table bgcolor =\"FFF6F6\" border=0>\n<tbody>\n<tr>\n<td width=500><font color=\"00B0F0\"><\/p>\n<div align=\"left\">\n<b>Mardi 4 octobre<\/b><br \/>\n9 h &#8211; Messe \u00e0 Cr\u00e9cy.<\/p>\n<p><b>Jeudi 6 octobre<\/b><br \/>\n9 h &#8211; Messe \u00e0 Cr\u00e9cy.<\/p>\n<p><b>Vendredi 7 octobre<\/b><br \/>\n18 h  Messe \u00e0 Cr\u00e9cy suivie de l&rsquo;Adoration du Saint Sacrement.\n<\/div>\n<p><\/font><\/td>\n<td><font color=\"00B0F0\"><\/p>\n<div align=\"center\"><img decoding=\"async\" src=\"\/IMG\/personnes\/denis.jpg\" width=150><br \/><i>Saint Denis<\/i><\/div>\n<p><\/font><\/td>\n<\/tr>\n<\/tbody>\n<\/table>\n<\/div>\n<table bgcolor =\"FFF6F6\" border=0>\n<tbody>\n<tr>\n<td ><font color=\"00B0F0\"><\/p>\n<div align=\"left\">\n<b>Samedi 8 octobre<\/b><br \/>\n18 h 30 &#8211; Messe \u00e0 Voulangis pour Pierre LOUIS et la famille NOEL<\/p>\n<p><b>Dimanche 9 octobre<\/b><br \/>\n<i>Saint Denis<\/i><br \/>\nJourn\u00e9e Saint-Fran\u00e7ois<br \/>\n10 h 30 &#8211; Messe \u00e0 la Coll\u00e9giale. Nous prions pour Jeannette TREYVAUD inhum\u00e9e  cette semaine. Qu\u00eate pour les pr\u00eatres \u00e2g\u00e9s.<\/p>\n<p>11 h 45 &#8211; Ap\u00e9ritif et pique-nique tir\u00e9 du sac &#8211; salle paroissiale.<br \/>\n13 h 00 &#8211; Animation pour petits et grands.<br \/>\n13 h 30 &#8211; D\u00e9part de la marche, ramassage des d\u00e9chets (itin\u00e9raire, gants et sacs poubelles sont fournis).<br \/>\n15 h 00 &#8211; retour \u00e0 la coll\u00e9giale.<br \/>\n15 h 30 &#8211; fin\n<\/div>\n<p><\/font><\/td>\n<\/tr>\n<\/tbody>\n<\/table>\n","protected":false},"excerpt":{"rendered":"<p>Voici les annonces de la p\u00e9riode du lundi 3 au dimanche 9 octobre 2022 pour la paroisse des 3 clochers Cr\u00e9cy-la-Chapelle, Villiers-sur-Morin, Voulangis. Samedi 8 octobre, messe \u00e0\u00a0 Voulangis \u00e0\u00a0 18h30 Dimanche 9 octobre,&#46;&#46;&#46;<\/p>\n","protected":false},"author":2,"featured_media":0,"comment_status":"open","ping_status":"open","sticky":false,"template":"","format":"standard","meta":{"footnotes":""},"categories":[],"tags":[],"class_list":["post-1420","post","type-post","status-publish","format-standard","hentry"],"_links":{"self":[{"href":"http:\/\/www.chapelle-crecy.com\/index.php?rest_route=\/wp\/v2\/posts\/1420","targetHints":{"allow":["GET"]}}],"collection":[{"href":"http:\/\/www.chapelle-crecy.com\/index.php?rest_route=\/wp\/v2\/posts"}],"about":[{"href":"http:\/\/www.chapelle-crecy.com\/index.php?rest_route=\/wp\/v2\/types\/post"}],"author":[{"embeddable":true,"href":"http:\/\/www.chapelle-crecy.com\/index.php?rest_route=\/wp\/v2\/users\/2"}],"replies":[{"embeddable":true,"href":"http:\/\/www.chapelle-crecy.com\/index.php?rest_route=%2Fwp%2Fv2%2Fcomments&post=1420"}],"version-history":[{"count":0,"href":"http:\/\/www.chapelle-crecy.com\/index.php?rest_route=\/wp\/v2\/posts\/1420\/revisions"}],"wp:attachment":[{"href":"http:\/\/www.chapelle-crecy.com\/index.php?rest_route=%2Fwp%2Fv2%2Fmedia&parent=1420"}],"wp:term":[{"taxonomy":"category","embeddable":true,"href":"http:\/\/www.chapelle-crecy.com\/index.php?rest_route=%2Fwp%2Fv2%2Fcategories&post=1420"},{"taxonomy":"post_tag","embeddable":true,"href":"http:\/\/www.chapelle-crecy.com\/index.php?rest_route=%2Fwp%2Fv2%2Ftags&post=1420"}],"curies":[{"name":"wp","href":"https:\/\/api.w.org\/{rel}","templated":true}]}}