{"id":1422,"date":"2022-10-14T20:14:43","date_gmt":"2022-10-14T20:14:43","guid":{"rendered":""},"modified":"-0001-11-30T00:00:00","modified_gmt":"-0001-11-29T22:00:00","slug":"","status":"publish","type":"post","link":"http:\/\/www.chapelle-crecy.com\/?p=1422","title":{"rendered":"Annonces du 17 au 23 octobre 2022"},"content":{"rendered":"<div align=\"justify\">Voici les annonces de la p\u00e9riode du lundi 17 au dimanche 23 octobre 2022 pour la paroisse des 3 clochers Cr\u00e9cy-la-Chapelle, Villiers-sur-Morin, Voulangis. <\/p>\n<p>Samedi 22 octobre, messe \u00e0\u00a0 Voulangis \u00e0\u00a0 18h30<br \/>\nDimanche 23 octobre, messe \u00e0\u00a0 Cr\u00e9cy \u00e0\u00a0 10h30<br \/>\nTous les d\u00e9tails dans la suite &#8230;\n<\/div>\n<div align=\"center\">\n<table bgcolor =\"FFF6F6\" border=0>\n<tbody>\n<tr>\n<td width=500><font color=\"00B0F0\"><\/p>\n<div align=\"left\">\n<b>Lundi 17 octobre<\/b><br \/>\n18 h 30  r\u00e9p\u00e9tition de chorale \u00e0 Cr\u00e9cy.<\/p>\n<p><b>Mardi 18 octobre<\/b><br \/>\n<i>Saint Luc<\/i><br \/>\n9 h &#8211;  Messe \u00e0 Cr\u00e9cy.<\/p>\n<p><b>Jeudi 20 octobre<\/b><br \/>\n9 h &#8211; Messe \u00e0 Cr\u00e9cy.<br \/>\n20 h 30  Groupe de Pri\u00e8re \u00e0 Cr\u00e9cy.<\/p>\n<p><b>Vendredi 21 octobre<\/b><br \/>\n18 h  Messe \u00e0 Cr\u00e9cy suivie de l&rsquo;Adoration du Saint Sacrement.\n<\/div>\n<p><\/font><\/td>\n<td><font color=\"00B0F0\"><\/p>\n<div align=\"center\"><img decoding=\"async\" src=\"\/IMG\/personnes\/luc_evangeliste.jpg\" width=140><br \/><i>Saint Luc<\/i>\n<\/div>\n<p><\/font><\/td>\n<\/tr>\n<\/tbody>\n<\/table>\n<table bgcolor =\"FFF6F6\" border=0>\n<tbody>\n<tr>\n<td><font color=\"00B0F0\"><\/p>\n<div align=\"center\"><img decoding=\"async\" src=\"\/IMG\/personnes\/Jeanpaul02.jpg\" width=200><br \/><i>Saint Jean-Paul II<\/i>\n<\/div>\n<p><\/font><\/td>\n<td width=500><font color=\"00B0F0\"><\/p>\n<div align=\"left\">\n<b>Samedi 22 octobre<\/b><br \/>\n<i>Saint Jean-Paul II<\/i><br \/>\n18 h 30   Messe \u00e0 Voulangis.<\/p>\n<p><b>Dimanche 23 octobre<\/b><br \/>\n10 h 30 &#8211; Messe \u00e0 l&rsquo;\u00e9glise St Georges \u00e0 CRECY.<br \/>\nBapt\u00eames de Yehlina COFFI et Tiago MONMARCHE apr\u00e8s la Messe.\n<\/div>\n<p><\/font><\/td>\n<\/tr>\n<\/tbody>\n<\/table>\n<\/div>\n","protected":false},"excerpt":{"rendered":"<p>Voici les annonces de la p\u00e9riode du lundi 17 au dimanche 23 octobre 2022 pour la paroisse des 3 clochers Cr\u00e9cy-la-Chapelle, Villiers-sur-Morin, Voulangis. Samedi 22 octobre, messe \u00e0\u00a0 Voulangis \u00e0\u00a0 18h30 Dimanche 23 octobre,&#46;&#46;&#46;<\/p>\n","protected":false},"author":2,"featured_media":0,"comment_status":"open","ping_status":"open","sticky":false,"template":"","format":"standard","meta":{"footnotes":""},"categories":[],"tags":[],"class_list":["post-1422","post","type-post","status-publish","format-standard","hentry"],"_links":{"self":[{"href":"http:\/\/www.chapelle-crecy.com\/index.php?rest_route=\/wp\/v2\/posts\/1422","targetHints":{"allow":["GET"]}}],"collection":[{"href":"http:\/\/www.chapelle-crecy.com\/index.php?rest_route=\/wp\/v2\/posts"}],"about":[{"href":"http:\/\/www.chapelle-crecy.com\/index.php?rest_route=\/wp\/v2\/types\/post"}],"author":[{"embeddable":true,"href":"http:\/\/www.chapelle-crecy.com\/index.php?rest_route=\/wp\/v2\/users\/2"}],"replies":[{"embeddable":true,"href":"http:\/\/www.chapelle-crecy.com\/index.php?rest_route=%2Fwp%2Fv2%2Fcomments&post=1422"}],"version-history":[{"count":0,"href":"http:\/\/www.chapelle-crecy.com\/index.php?rest_route=\/wp\/v2\/posts\/1422\/revisions"}],"wp:attachment":[{"href":"http:\/\/www.chapelle-crecy.com\/index.php?rest_route=%2Fwp%2Fv2%2Fmedia&parent=1422"}],"wp:term":[{"taxonomy":"category","embeddable":true,"href":"http:\/\/www.chapelle-crecy.com\/index.php?rest_route=%2Fwp%2Fv2%2Fcategories&post=1422"},{"taxonomy":"post_tag","embeddable":true,"href":"http:\/\/www.chapelle-crecy.com\/index.php?rest_route=%2Fwp%2Fv2%2Ftags&post=1422"}],"curies":[{"name":"wp","href":"https:\/\/api.w.org\/{rel}","templated":true}]}}