{"id":1433,"date":"2022-12-31T10:15:02","date_gmt":"2022-12-31T10:15:02","guid":{"rendered":""},"modified":"-0001-11-30T00:00:00","modified_gmt":"-0001-11-29T22:00:00","slug":"","status":"publish","type":"post","link":"http:\/\/www.chapelle-crecy.com\/?p=1433","title":{"rendered":"Annonces du 2 au 8 janvier 2023"},"content":{"rendered":"<div align=\"justify\">Voici les annonces de la p\u00e9riode du lundi 2 au dimanche 8 janvier 2023 our la paroisse des 3 clochers Cr\u00e9cy-la-Chapelle, Villiers-sur-Morin, Voulangis. <\/p>\n<p>Samedi 7 janvier, 18h30 &#8211; messe \u00e0\u00a0 Voulangis<br \/>\nDimanche 8 janvier, 10h30 &#8211; Messe \u00e0\u00a0 Cr\u00e9cy<br \/>\nTous les d\u00e9tails dans la suite &#8230;\n<\/div>\n<div align=\"center\">\n<table bgcolor =\"FFF6F6\" border=0>\n<tbody>\n<tr>\n<td width=400><font color=\"00B0F0\"><\/p>\n<div align=\"center\"><img decoding=\"async\" src=\"\/IMG\/gif\/noel_nativite027.gif\" width=170>\n<\/div>\n<p><\/font><\/td>\n<td width=500><font color=\"00B0F0\"><\/p>\n<div align=\"left\">\n<b>Mardi 3 janvier<\/b><br \/>\n9 h &#8211; Messe \u00e0 Cr\u00e9cy pour Maurice DUPUIS.<\/p>\n<p><b>Jeudi 5 janvier<\/b><br \/>\n9 h &#8211; Messe \u00e0 Cr\u00e9cy.<br \/>\n20 h 30  Groupe de pri\u00e8re \u00e0 Cr\u00e9cy.<\/div>\n<p><\/font><\/td>\n<\/tr>\n<\/tbody>\n<\/table>\n<table bgcolor =\"F0F6F6\" border=0>\n<tbody>\n<tr>\n<td width=500><font color=\"007F00\"><\/p>\n<div align=\"left\"><b>Vendredi 6 janvier<\/b><br \/>\n18 h  Messe \u00e0 Cr\u00e9cy suivie de l&rsquo;Adoration du Saint Sacrement.<\/p>\n<p><b>Samedi 7 janvier<\/b><br \/>\n18 h 30 &#8211; Messe \u00e0 Voulangis pour la famille ROSIER-CHIQUET.<\/p>\n<p><b>Dimanche 8 janvier<\/b><br \/>\n10 h 30 &#8211; Messe  \u00e0 Cr\u00e9cy pour la famille BACOUP.\n<\/div>\n<p><\/font><\/td>\n<td widh=350><font color=\"007F00\"><\/p>\n<div align=\"center\"><img decoding=\"async\" src=\"\/IMG\/gif\/roismages.gif\" width=180>\n<\/div>\n<p><\/font><\/td>\n<\/tr>\n<\/tbody>\n<\/table>\n<\/div>\n","protected":false},"excerpt":{"rendered":"<p>Voici les annonces de la p\u00e9riode du lundi 2 au dimanche 8 janvier 2023 our la paroisse des 3 clochers Cr\u00e9cy-la-Chapelle, Villiers-sur-Morin, Voulangis. Samedi 7 janvier, 18h30 &#8211; messe \u00e0\u00a0 Voulangis Dimanche 8 janvier,&#46;&#46;&#46;<\/p>\n","protected":false},"author":2,"featured_media":0,"comment_status":"open","ping_status":"open","sticky":false,"template":"","format":"standard","meta":{"footnotes":""},"categories":[],"tags":[],"class_list":["post-1433","post","type-post","status-publish","format-standard","hentry"],"_links":{"self":[{"href":"http:\/\/www.chapelle-crecy.com\/index.php?rest_route=\/wp\/v2\/posts\/1433","targetHints":{"allow":["GET"]}}],"collection":[{"href":"http:\/\/www.chapelle-crecy.com\/index.php?rest_route=\/wp\/v2\/posts"}],"about":[{"href":"http:\/\/www.chapelle-crecy.com\/index.php?rest_route=\/wp\/v2\/types\/post"}],"author":[{"embeddable":true,"href":"http:\/\/www.chapelle-crecy.com\/index.php?rest_route=\/wp\/v2\/users\/2"}],"replies":[{"embeddable":true,"href":"http:\/\/www.chapelle-crecy.com\/index.php?rest_route=%2Fwp%2Fv2%2Fcomments&post=1433"}],"version-history":[{"count":0,"href":"http:\/\/www.chapelle-crecy.com\/index.php?rest_route=\/wp\/v2\/posts\/1433\/revisions"}],"wp:attachment":[{"href":"http:\/\/www.chapelle-crecy.com\/index.php?rest_route=%2Fwp%2Fv2%2Fmedia&parent=1433"}],"wp:term":[{"taxonomy":"category","embeddable":true,"href":"http:\/\/www.chapelle-crecy.com\/index.php?rest_route=%2Fwp%2Fv2%2Fcategories&post=1433"},{"taxonomy":"post_tag","embeddable":true,"href":"http:\/\/www.chapelle-crecy.com\/index.php?rest_route=%2Fwp%2Fv2%2Ftags&post=1433"}],"curies":[{"name":"wp","href":"https:\/\/api.w.org\/{rel}","templated":true}]}}