{"id":1434,"date":"2023-01-07T14:26:48","date_gmt":"2023-01-07T14:26:48","guid":{"rendered":""},"modified":"-0001-11-30T00:00:00","modified_gmt":"-0001-11-29T22:00:00","slug":"","status":"publish","type":"post","link":"http:\/\/www.chapelle-crecy.com\/?p=1434","title":{"rendered":"Annonces du 9 au 15 janvier 2023"},"content":{"rendered":"<div align=\"justify\">Voici les annonces de la p\u00e9riode du lundi 9 au dimanche 15 janvier 2023 our la paroisse des 3 clochers Cr\u00e9cy-la-Chapelle, Villiers-sur-Morin, Voulangis. <\/p>\n<p>Samedi 14 janvier, 18h30 &#8211; messe \u00e0\u00a0 Voulangis<br \/>\nDimanche 15 janvier, 10h30 &#8211; Messe \u00e0\u00a0 Cr\u00e9cy<br \/>\nTous les d\u00e9tails dans la suite &#8230;\n<\/div>\n<div align=\"center\">\n<table bgcolor =\"FFF6F6\" border=0>\n<tbody>\n<tr>\n<td width=400><font color=\"00B0F0\"><\/p>\n<div align=\"center\"><img decoding=\"async\" src=\"\/IMG\/personnes\/guillaume.jpg\" width=140><br \/><i>Saint Guillaume<\/i>\n<\/div>\n<p><\/font><\/td>\n<td width=500><font color=\"00B0F0\"><\/p>\n<div align=\"left\">\n<b>Lundi 9 janvier<\/b><br \/>\n14h 30  r\u00e9union du groupe du ROSAIRE au presbyt\u00e8re.<\/p>\n<p><b>Mardi 10 janvier<\/b><br \/>\n<i>Saint Guillaume<\/i><br \/>\n9 h &#8211; Messe \u00e0 Cr\u00e9cy pour Maurice DUPUIS.<\/p>\n<p><b>Jeudi 12 janvier<\/b><br \/>\n9 h &#8211; Messe \u00e0 Cr\u00e9cy.<\/div>\n<p><\/font><\/td>\n<\/tr>\n<\/tbody>\n<\/table>\n<table bgcolor =\"F0F6F6\" border=0>\n<tbody>\n<tr>\n<td width=500><font color=\"007F00\"><\/p>\n<div align=\"left\"><b>Vendredi 13 janvier<\/b><br \/>\n<i>Saint Hilaire<\/i><br \/>\n18 h  Messe \u00e0 Cr\u00e9cy suivie de l&rsquo;Adoration du Saint Sacrement.<br \/>\n18 h 30  R\u00e9union de l&rsquo;Equipe d&rsquo;Accueil.<\/p>\n<p><b>Samedi 14 janvier<\/b><br \/>\n18 h 30 &#8211; Messe \u00e0 Voulangis.<\/p>\n<p><b>Dimanche 15 janvier<\/b><br \/>\n10 h 30 &#8211; Messe \u00e0 Cr\u00e9cy.\n<\/div>\n<p><\/font><\/td>\n<td widh=350><font color=\"007F00\"><\/p>\n<div align=\"center\"><img decoding=\"async\" src=\"\/IMG\/personnes\/hilaire.jpg\" width=200><i>Saint Hilaire<\/i>\n<\/div>\n<p><\/font><\/td>\n<\/tr>\n<\/tbody>\n<\/table>\n<\/div>\n","protected":false},"excerpt":{"rendered":"<p>Voici les annonces de la p\u00e9riode du lundi 9 au dimanche 15 janvier 2023 our la paroisse des 3 clochers Cr\u00e9cy-la-Chapelle, Villiers-sur-Morin, Voulangis. Samedi 14 janvier, 18h30 &#8211; messe \u00e0\u00a0 Voulangis Dimanche 15 janvier,&#46;&#46;&#46;<\/p>\n","protected":false},"author":2,"featured_media":0,"comment_status":"open","ping_status":"open","sticky":false,"template":"","format":"standard","meta":{"footnotes":""},"categories":[],"tags":[],"class_list":["post-1434","post","type-post","status-publish","format-standard","hentry"],"_links":{"self":[{"href":"http:\/\/www.chapelle-crecy.com\/index.php?rest_route=\/wp\/v2\/posts\/1434","targetHints":{"allow":["GET"]}}],"collection":[{"href":"http:\/\/www.chapelle-crecy.com\/index.php?rest_route=\/wp\/v2\/posts"}],"about":[{"href":"http:\/\/www.chapelle-crecy.com\/index.php?rest_route=\/wp\/v2\/types\/post"}],"author":[{"embeddable":true,"href":"http:\/\/www.chapelle-crecy.com\/index.php?rest_route=\/wp\/v2\/users\/2"}],"replies":[{"embeddable":true,"href":"http:\/\/www.chapelle-crecy.com\/index.php?rest_route=%2Fwp%2Fv2%2Fcomments&post=1434"}],"version-history":[{"count":0,"href":"http:\/\/www.chapelle-crecy.com\/index.php?rest_route=\/wp\/v2\/posts\/1434\/revisions"}],"wp:attachment":[{"href":"http:\/\/www.chapelle-crecy.com\/index.php?rest_route=%2Fwp%2Fv2%2Fmedia&parent=1434"}],"wp:term":[{"taxonomy":"category","embeddable":true,"href":"http:\/\/www.chapelle-crecy.com\/index.php?rest_route=%2Fwp%2Fv2%2Fcategories&post=1434"},{"taxonomy":"post_tag","embeddable":true,"href":"http:\/\/www.chapelle-crecy.com\/index.php?rest_route=%2Fwp%2Fv2%2Ftags&post=1434"}],"curies":[{"name":"wp","href":"https:\/\/api.w.org\/{rel}","templated":true}]}}