{"id":1435,"date":"2023-01-14T20:31:08","date_gmt":"2023-01-14T20:31:08","guid":{"rendered":""},"modified":"-0001-11-30T00:00:00","modified_gmt":"-0001-11-29T22:00:00","slug":"","status":"publish","type":"post","link":"http:\/\/www.chapelle-crecy.com\/?p=1435","title":{"rendered":"Annonces du 16 au 22 janvier 2023"},"content":{"rendered":"<div align=\"justify\">Voici les annonces de la p\u00e9riode du lundi 16 au dimanche 22 janvier 2023 pour la paroisse des 3 clochers Cr\u00e9cy-la-Chapelle, Villiers-sur-Morin, Voulangis. <\/p>\n<p>Samedi 21 janvier, 18h30 &#8211; messe \u00e0\u00a0 Voulangis<br \/>\nDimanche 22 janvier, 10h30 &#8211; Messe \u00e0\u00a0 Cr\u00e9cy<br \/>\nTous les d\u00e9tails dans la suite &#8230;\n<\/div>\n<div align=\"center\">\n<table bgcolor =\"FFF6F6\" border=0>\n<tbody>\n<tr>\n<td width=400><font color=\"00B0F0\"><\/p>\n<div align=\"center\"><img decoding=\"async\" src=\"\/IMG\/personnes\/antoine.jpg\" width=140><br \/><i>Saint Antoine<\/i>\n<\/div>\n<p><\/font><\/td>\n<td width=500><font color=\"00B0F0\"><\/p>\n<div align=\"left\">\n<b>Lundi 16 janvier<\/b><br \/>\n18 h 30  r\u00e9union de la chorale.<\/p>\n<p><b>Mardi 17 janvier<\/b><br \/>\n<i>Saint Antoine<\/i><br \/>\n9 h &#8211; Messe \u00e0 Cr\u00e9cy.<\/p>\n<p><b>Jeudi 19 janvier<\/b><br \/>\n9 h &#8211; Messe \u00e0 Cr\u00e9cy.<\/div>\n<p><\/font><\/td>\n<\/tr>\n<\/tbody>\n<\/table>\n<table bgcolor =\"F0F6F6\" border=0>\n<tbody>\n<tr>\n<td width=500><font color=\"007F00\"><\/p>\n<div align=\"left\"><b>Vendredi 20 janvier<\/b><br \/>\n<i>Saint Fabien<\/i><br \/>\n18 h  Messe \u00e0 Cr\u00e9cy suivie de l&rsquo;Adoration du Saint Sacrement.<br \/>\n18 h 30  R\u00e9union de l&rsquo;Equipe d&rsquo;Accueil.<\/p>\n<p><b>Samedi 21 janvier<\/b><br \/>\n18 h 30 &#8211; Messe \u00e0 Voulangis pour Anne-Marie et Georges PAQUET.<\/p>\n<p><b>Dimanche 22 janvier<\/b><br \/>\n10 h 30 &#8211; Messe \u00e0 Cr\u00e9cy.<\/p>\n<p>Ce samedi et dimanche  21 et 22 : qu\u00eate pour l&rsquo;oeuvre des Vocations.\n<\/p><\/div>\n<p><\/font><\/td>\n<td widh=350><font color=\"007F00\"><\/p>\n<div align=\"center\"><img decoding=\"async\" src=\"\/IMG\/personnes\/fabien.jpg\" width=160><i>Saint Fabien<\/i>\n<\/div>\n<p><\/font><\/td>\n<\/tr>\n<\/tbody>\n<\/table>\n<table bgcolor =\"F0F6F6\" border=1>\n<tbody>\n<tr>\n<td width=700><font color=\"00C0A0\"><b>Semaine de l&rsquo;unit\u00e9 des chr\u00e9tiens<\/b><br \/>\n15 janvier : 10 h 30  culte au temple de Nanteuil avec hom\u00e9lie du Pr\u00eatre de Nanteuil les Meaux <br \/> <br \/>\n22 janvier : 10 h 30 &#8211;  messe \u00e0 l&rsquo;\u00e9glise de Nanteuil avec pr\u00e9dication du Pasteur de Nanteuil. <\/p>\n<p> <\/font><\/td>\n<\/tr>\n<\/tbody>\n<\/table>\n<\/div>\n","protected":false},"excerpt":{"rendered":"<p>Voici les annonces de la p\u00e9riode du lundi 16 au dimanche 22 janvier 2023 pour la paroisse des 3 clochers Cr\u00e9cy-la-Chapelle, Villiers-sur-Morin, Voulangis. Samedi 21 janvier, 18h30 &#8211; messe \u00e0\u00a0 Voulangis Dimanche 22 janvier,&#46;&#46;&#46;<\/p>\n","protected":false},"author":2,"featured_media":0,"comment_status":"open","ping_status":"open","sticky":false,"template":"","format":"standard","meta":{"footnotes":""},"categories":[],"tags":[],"class_list":["post-1435","post","type-post","status-publish","format-standard","hentry"],"_links":{"self":[{"href":"http:\/\/www.chapelle-crecy.com\/index.php?rest_route=\/wp\/v2\/posts\/1435","targetHints":{"allow":["GET"]}}],"collection":[{"href":"http:\/\/www.chapelle-crecy.com\/index.php?rest_route=\/wp\/v2\/posts"}],"about":[{"href":"http:\/\/www.chapelle-crecy.com\/index.php?rest_route=\/wp\/v2\/types\/post"}],"author":[{"embeddable":true,"href":"http:\/\/www.chapelle-crecy.com\/index.php?rest_route=\/wp\/v2\/users\/2"}],"replies":[{"embeddable":true,"href":"http:\/\/www.chapelle-crecy.com\/index.php?rest_route=%2Fwp%2Fv2%2Fcomments&post=1435"}],"version-history":[{"count":0,"href":"http:\/\/www.chapelle-crecy.com\/index.php?rest_route=\/wp\/v2\/posts\/1435\/revisions"}],"wp:attachment":[{"href":"http:\/\/www.chapelle-crecy.com\/index.php?rest_route=%2Fwp%2Fv2%2Fmedia&parent=1435"}],"wp:term":[{"taxonomy":"category","embeddable":true,"href":"http:\/\/www.chapelle-crecy.com\/index.php?rest_route=%2Fwp%2Fv2%2Fcategories&post=1435"},{"taxonomy":"post_tag","embeddable":true,"href":"http:\/\/www.chapelle-crecy.com\/index.php?rest_route=%2Fwp%2Fv2%2Ftags&post=1435"}],"curies":[{"name":"wp","href":"https:\/\/api.w.org\/{rel}","templated":true}]}}