{"id":1436,"date":"2023-02-05T10:43:00","date_gmt":"2023-02-05T10:43:00","guid":{"rendered":""},"modified":"-0001-11-30T00:00:00","modified_gmt":"-0001-11-29T22:00:00","slug":"","status":"publish","type":"post","link":"http:\/\/www.chapelle-crecy.com\/?p=1436","title":{"rendered":"Concert de louange \u00e0\u00a0 Cr\u00e9cy"},"content":{"rendered":"<div align=\"justify\">\nConcert de louange avec Sentinelles \u00e0\u00a0 Cr\u00e9cy (77), le vendredi 10 f\u00e9vrier \u00e0\u00a0 20h. Venez nombreux \u00e9couter, chanter et prier avec Vincent et son groupe.<br \/>\n[Visionner la bande annonce : ->https:\/\/l.facebook.com\/l.php?u=https%3A%2F%2Fdrive.google.com%2Ffile%2Fd%2F1G5mLtYwkB8om34GYM9lbqP52aQ3Jt-KX%2Fview&#038;h=AT2u94Zm0K0A8f4MzDwUbZc1h3QgWKtbwiCtWysgdY8D0dkqxtMQHfHSfE3N-6QQw_CCkXvUXGubnFsW_CFXgR_8dIWStaMEzZfGEwt4ErkWewRXmsG0oJq2RC47Lyw5tXmG&#038;s=1]<\/p>\n<\/div>\n<div align=\"center\">\n<img 1949|center height=500><\/div>\n","protected":false},"excerpt":{"rendered":"<p>Concert de louange avec Sentinelles \u00e0\u00a0 Cr\u00e9cy (77), le vendredi 10 f\u00e9vrier \u00e0\u00a0 20h. Venez nombreux \u00e9couter, chanter et prier avec Vincent et son groupe. [Visionner la bande annonce : ->https:\/\/l.facebook.com\/l.php?u=https%3A%2F%2Fdrive.google.com%2Ffile%2Fd%2F1G5mLtYwkB8om34GYM9lbqP52aQ3Jt-KX%2Fview&#038;h=AT2u94Zm0K0A8f4MzDwUbZc1h3QgWKtbwiCtWysgdY8D0dkqxtMQHfHSfE3N-6QQw_CCkXvUXGubnFsW_CFXgR_8dIWStaMEzZfGEwt4ErkWewRXmsG0oJq2RC47Lyw5tXmG&#038;s=1]<\/p>\n","protected":false},"author":2,"featured_media":0,"comment_status":"open","ping_status":"open","sticky":false,"template":"","format":"standard","meta":{"footnotes":""},"categories":[],"tags":[],"class_list":["post-1436","post","type-post","status-publish","format-standard","hentry"],"_links":{"self":[{"href":"http:\/\/www.chapelle-crecy.com\/index.php?rest_route=\/wp\/v2\/posts\/1436","targetHints":{"allow":["GET"]}}],"collection":[{"href":"http:\/\/www.chapelle-crecy.com\/index.php?rest_route=\/wp\/v2\/posts"}],"about":[{"href":"http:\/\/www.chapelle-crecy.com\/index.php?rest_route=\/wp\/v2\/types\/post"}],"author":[{"embeddable":true,"href":"http:\/\/www.chapelle-crecy.com\/index.php?rest_route=\/wp\/v2\/users\/2"}],"replies":[{"embeddable":true,"href":"http:\/\/www.chapelle-crecy.com\/index.php?rest_route=%2Fwp%2Fv2%2Fcomments&post=1436"}],"version-history":[{"count":0,"href":"http:\/\/www.chapelle-crecy.com\/index.php?rest_route=\/wp\/v2\/posts\/1436\/revisions"}],"wp:attachment":[{"href":"http:\/\/www.chapelle-crecy.com\/index.php?rest_route=%2Fwp%2Fv2%2Fmedia&parent=1436"}],"wp:term":[{"taxonomy":"category","embeddable":true,"href":"http:\/\/www.chapelle-crecy.com\/index.php?rest_route=%2Fwp%2Fv2%2Fcategories&post=1436"},{"taxonomy":"post_tag","embeddable":true,"href":"http:\/\/www.chapelle-crecy.com\/index.php?rest_route=%2Fwp%2Fv2%2Ftags&post=1436"}],"curies":[{"name":"wp","href":"https:\/\/api.w.org\/{rel}","templated":true}]}}