{"id":144,"date":"2009-07-08T07:27:41","date_gmt":"2009-07-08T07:27:41","guid":{"rendered":""},"modified":"-0001-11-30T00:00:00","modified_gmt":"-0001-11-29T22:00:00","slug":"","status":"publish","type":"post","link":"http:\/\/www.chapelle-crecy.com\/?p=144","title":{"rendered":"Une messe festive pour remercier le p\u00e8re Guillaume Chogolou."},"content":{"rendered":"<table bgcolor =\"F0FAFF\" border=0>\n<tbody>\n<tr>\n<td>\n<div align=\"justify\">\n<div \"56\">La messe d&rsquo;action de gr ce du dimanche 21 juin \u00e0\u00a0 la Coll\u00e9giale de Cr\u00e9cy-la-Chapelle a \u00e9t\u00e9 l&rsquo;occasion pour les paroissiens de f\u00eater Guillaume avant son d\u00e9part prochain de son minist\u00e8re cr\u00e9\u00e7ois pour le B\u00e9nin, son pays natal. <\/p><\/div>\n<\/div>\n<\/td>\n<\/tr>\n<\/tbody>\n<\/table>\n<table bgcolor =\"F0FAFF\" border=0>\n<tbody>\n<tr>\n<td>\n<div align=\"justify\">D\u00e8s l&rsquo;entr\u00e9e dans la Coll\u00e9giale, ce dimanche matin avant 10h30, des menus d\u00e9tails annon\u00e7aient que la messe \u00e0 venir allait \u00eatre particuli\u00e8re. Au fond de l&rsquo;\u00e9difice, \u00e9tait suspendu dans le choeur un coeur sur lequel on pouvait lire un grand merci tout color\u00e9 : <\/div>\n<div align=\"center\"><img decoding=\"async\" src=\"\/IMG\/reportages\/guillaume\/guillaume5.jpg\" width=300><\/div>\n<p><bR><\/p>\n<div align=\"justify\">On croisait des personnes dont le visage \u00e9tait familier mais dont les v\u00eatements \u00e9taient inhabituels. La couleur \u00e9tait aussi du voyage comme le coeur pr\u00e9c\u00e9demment rep\u00e9r\u00e9 &#8230;<\/div>\n<div align=\"center\"><img decoding=\"async\" src=\"\/IMG\/reportages\/guillaume\/guillaume12.jpg\" height=300> <img decoding=\"async\" src=\"\/IMG\/reportages\/guillaume\/guillaume14.jpg\" height=300><\/div>\n<p><bR> <\/p>\n<div align=\"center\"><img decoding=\"async\" src=\"\/IMG\/reportages\/guillaume\/guillaume13.jpg\" width=300 ><\/div>\n<p><bR><\/p>\n<div align=\"justify\">A cot\u00e9 de la chorale habituelle  l&rsquo;adjectif \u00ab habituelle \u00bb n&rsquo;est pas tr\u00e8s juste car les tissus pouvaient surprendre  se tenait une autre chorale, venue de Champigny-sur-Marne, amis et famille du p\u00e8re Chogolou. Deux chorales en ce lieu, que se pr\u00e9parait-il donc \u00e0 la Coll\u00e9giale ? <\/div>\n<div align=\"center\"><img decoding=\"async\" src=\"\/IMG\/reportages\/guillaume\/guillaume15.jpg\" height=200> <img decoding=\"async\" src=\"\/IMG\/reportages\/guillaume\/guillaume16.jpg\" height=200><\/div>\n<p><bR> <\/p>\n<div align=\"justify\">Quand Guillaume est entr\u00e9, il a certainement compris tout de suite que la messe qu&rsquo;il allait c\u00e9l\u00e9brer avec son ami pr\u00eatre, le p\u00e8re Placide T\u00e9f\u00e9, lui r\u00e9servait des surprises. <\/div>\n<div align=\"center\"><img decoding=\"async\" src=\"\/IMG\/reportages\/guillaume\/guillaume17.jpg\" width=300 ><\/div>\n<p><bR><\/p>\n<div align=\"justify\">Le mot d&rsquo;accueil lu par Jo\u00ebl d\u00e9voilait ensuite les raisons de cette m\u00e9tamorphose vestimentaire. Ce dimanche 21 juin marquait sans doute l&rsquo;arriv\u00e9e de l&rsquo;\u00e9t\u00e9, la f\u00eate des p\u00e8res, la f\u00eate de la musique. Pour la paroisse des 3 clochers, c&rsquo;\u00e9tait aussi le jour de la messe d&rsquo;action de gr\u00e2ce, c\u00e9l\u00e9br\u00e9e pour tous les \u00e9v\u00e8nements paroissiaux v\u00e9cus depuis la rentr\u00e9e et pour les diff\u00e9rentes \u00e9quipes de la\u00efcs qui oeuvrent dans tous les services de la paroisse. Mais ce dimanche \u00e9tait surtout pour rendre gr\u00e2ce au Seigneur de l&rsquo;Apostolat du p\u00e8re Guillaume parmi nous, pendant ces cinq ann\u00e9es pendant lesquelles la paroisse a b\u00e9n\u00e9fici\u00e9 de sa pr\u00e9sence en assurant les offices et l&rsquo;accompagnement spirituel de tous, avec \u00e9coute et d\u00e9vouement. Toutes ces couleurs comme un avant-go\u00fbt de son retour au B\u00e9nin, son pays tant aim\u00e9 de lui \u00e2\u20ac\u00a6 Ah, les avant-go\u00fbts et les couleurs !<\/br><\/div>\n<p>La liturgie de la messe fut bien s\u00fbr respect\u00e9e \u00e0 la lettre.<\/p>\n<div align=\"center\"><img decoding=\"async\" src=\"\/IMG\/reportages\/guillaume\/guillaume19.jpg\" height=220> <img decoding=\"async\" src=\"\/IMG\/reportages\/guillaume\/guillaume11.jpg\" height=220><\/div>\n<p><bR><\/p>\n<div align=\"center\"><img decoding=\"async\" src=\"\/IMG\/reportages\/guillaume\/guillaume18.jpg\" width=300 ><\/div>\n<p><bR><\/p>\n<div align=\"justify\">L&rsquo;hom\u00e9lie, \u00e9clairant la Parole du jour, fut l&rsquo;occasion pour Guillaume de remercier toute la communaut\u00e9 paroissiale de son accueil et des services rendus pendant ces cinq ann\u00e9es et en particulier de l&rsquo;organisation de la messe du jour.<\/div>\n<div align=\"center\"><img decoding=\"async\" src=\"\/IMG\/reportages\/guillaume\/guillaume8.jpg\" width=300 ><\/div>\n<p><bR><\/p>\n<div align=\"justify\">Mais au niveau des chants, des accents, diff\u00e9rents des autres jours , donnaient une tonalit\u00e9 festive et en m\u00eame temps joyeuse de rendre gr\u00e2ce ainsi. L&rsquo;All\u00e9luia, le chant de l&rsquo;offertoire et la procession des offrandes furent de grands moments intenses d&rsquo;\u00e9motion et de joie.<\/div>\n<div align=\"center\"><img decoding=\"async\" src=\"\/IMG\/reportages\/guillaume\/guillaume20.jpg\" height=320> <img decoding=\"async\" src=\"\/IMG\/reportages\/guillaume\/guillaume21.jpg\" height=320><\/div>\n<p><bR><\/p>\n<div align=\"justify\">Avant la b\u00e9n\u00e9diction finale, furent remis au p\u00e8re Guillaume trois cadeaux fort sympathiques, le ballon de football et l&rsquo;\u00e9charpe d&rsquo;un club de football du sud-m\u00e9diterran\u00e9en de la France bien connu et un tableau original, dessin\u00e9 par Evelyne, repr\u00e9sentant l&rsquo;\u00e9glise St Georges de Cr\u00e9cy. Un tableau bien dans le cadre de l&rsquo;esprit festif de la matin\u00e9e : <\/div>\n<div align=\"center\"><img decoding=\"async\" src=\"\/IMG\/reportages\/guillaume\/guillaume22.jpg\" width=300 ><\/div>\n<p><bR><\/p>\n<div align=\"justify\">Enfin, comme un envoi pour Guillaume vers ses contr\u00e9es b\u00e9ninoises, une procession finale de paroissiens se mit \u00e0 chanter un air que l&rsquo;on peut maintenant entendre fredonner par des personnes crois\u00e9es ici et l\u00e0, dans nos villages \u00e2\u20ac\u00a6 le tube de l&rsquo;\u00e9t\u00e9, peut-\u00eatre ?<\/div>\n<div align=\"center\"><img decoding=\"async\" src=\"\/IMG\/reportages\/guillaume\/guillaume6.jpg\" height=220> <img decoding=\"async\" src=\"\/IMG\/reportages\/guillaume\/guillaume25.jpg\" height=220 ><\/div>\n<p><bR><\/p>\n<div align=\"center\"><img decoding=\"async\" src=\"\/IMG\/reportages\/guillaume\/guillaume9.jpg\" height=220> <img decoding=\"async\" src=\"\/IMG\/reportages\/guillaume\/guillaume24.jpg\" height=220 ><\/div>\n<p><bR><\/p>\n<p><b>Paroles<\/b><br \/>\n(merci Clothilde [soeur de Guillaume] pour les r\u00e9p\u00e9titions )<\/p>\n<p>Guillaume Gn\u00e9, Nouk\u00e9 Manao (bis)<br \/>\nGn\u00e9 Mou Do Noud\u00e9, Manao (bis)<br \/>\nMan Po D\u00ea Nao<br \/>\nAgbe Lagnon Nao, Guillaume<br \/>\nAgbe Lagnon Nao<br \/>\nAgbe Lagnon Nao<br \/>\nSoye Agbe Mav\u00f4 <\/p>\n<p>\n<b>Traduction<\/b> (pour ceux qui ne parleraient pas encore couramment la langue du B\u00e9nin, malgr\u00e9 les 5 ann\u00e9es de pr\u00e9sence de Guillaume chez nous)<\/p>\n<p>Mon Guillaume, que vais-je te donner ?<br \/>\nJ&rsquo;ai pas grand-chose \u00e0 te donner<br \/>\nJe prierai pour toi<br \/>\nLa vie te sera belle, \u00f4 bon Guillaume<br \/>\nLa vie te sera belle<br \/>\nLa vie te sera belle<br \/>\nJusqu&rsquo;\u00e0 l&rsquo;\u00e9ternit\u00e9.<\/p>\n<p>Pour la musique, suivez le rythme :<br \/>\n<\/p>\n<div align=\"center\"><img decoding=\"async\" src=\"\/IMG\/reportages\/guillaume\/guillaume23.jpg\" width=300 ><\/div>\n<p><bR><br \/>\n<br \/>\nMerci \u00e0 tous les photographes qui nous ont autoris\u00e9s \u00e0 utiliser leurs clich\u00e9s \u00e2\u20ac\u00a6<\/p>\n<div align=\"center\"><img decoding=\"async\" src=\"\/IMG\/reportages\/guillaume\/guillaume26.jpg\" width=260 ><\/div>\n<p><bR><\/p>\n<p><b>Petit r\u00e9sum\u00e9 en vid\u00e9o :<\/b><br \/>\n<br \/>(cliquez au centre de la video pour la lancer)<\/p>\n<div align=\"center\"><object width=\"480\" height=\"381\"><param name=\"movie\" value=\"http:\/\/www.dailymotion.com\/swf\/x9stfg_messe-de-remerciement-pour-guillaum_news&#038;related=1\"><\/param><param name=\"allowFullScreen\" value=\"true\"><\/param><param name=\"allowScriptAccess\" value=\"always\"><\/param><embed src=\"http:\/\/www.dailymotion.com\/swf\/x9stfg_messe-de-remerciement-pour-guillaum_news&#038;related=1\" type=\"application\/x-shockwave-flash\" width=\"480\" height=\"381\" allowFullScreen=\"true\" allowScriptAccess=\"always\"><\/embed><\/object><br \/><b>Messe de remerciement pour Guillaume<\/div>\n<p>Textes : Thierry Briane<br \/>\nPhotos : Jacques Poiret,  Christilla de Moustier, Florie Briane.<br \/>\nVideo : Jean-Michel Sagnes<\/b>\n<\/div>\n<\/td>\n<\/tr>\n<\/tbody>\n<\/table>\n","protected":false},"excerpt":{"rendered":"<p>La messe d&rsquo;action de gr ce du dimanche 21 juin \u00e0\u00a0 la Coll\u00e9giale de Cr\u00e9cy-la-Chapelle a \u00e9t\u00e9 l&rsquo;occasion pour les paroissiens de f\u00eater Guillaume avant son d\u00e9part prochain de son minist\u00e8re cr\u00e9\u00e7ois pour le&#46;&#46;&#46;<\/p>\n","protected":false},"author":2,"featured_media":0,"comment_status":"open","ping_status":"open","sticky":false,"template":"","format":"standard","meta":{"footnotes":""},"categories":[],"tags":[],"class_list":["post-144","post","type-post","status-publish","format-standard","hentry"],"_links":{"self":[{"href":"http:\/\/www.chapelle-crecy.com\/index.php?rest_route=\/wp\/v2\/posts\/144","targetHints":{"allow":["GET"]}}],"collection":[{"href":"http:\/\/www.chapelle-crecy.com\/index.php?rest_route=\/wp\/v2\/posts"}],"about":[{"href":"http:\/\/www.chapelle-crecy.com\/index.php?rest_route=\/wp\/v2\/types\/post"}],"author":[{"embeddable":true,"href":"http:\/\/www.chapelle-crecy.com\/index.php?rest_route=\/wp\/v2\/users\/2"}],"replies":[{"embeddable":true,"href":"http:\/\/www.chapelle-crecy.com\/index.php?rest_route=%2Fwp%2Fv2%2Fcomments&post=144"}],"version-history":[{"count":0,"href":"http:\/\/www.chapelle-crecy.com\/index.php?rest_route=\/wp\/v2\/posts\/144\/revisions"}],"wp:attachment":[{"href":"http:\/\/www.chapelle-crecy.com\/index.php?rest_route=%2Fwp%2Fv2%2Fmedia&parent=144"}],"wp:term":[{"taxonomy":"category","embeddable":true,"href":"http:\/\/www.chapelle-crecy.com\/index.php?rest_route=%2Fwp%2Fv2%2Fcategories&post=144"},{"taxonomy":"post_tag","embeddable":true,"href":"http:\/\/www.chapelle-crecy.com\/index.php?rest_route=%2Fwp%2Fv2%2Ftags&post=144"}],"curies":[{"name":"wp","href":"https:\/\/api.w.org\/{rel}","templated":true}]}}