{"id":1442,"date":"2023-02-19T17:57:39","date_gmt":"2023-02-19T17:57:39","guid":{"rendered":""},"modified":"-0001-11-30T00:00:00","modified_gmt":"-0001-11-29T22:00:00","slug":"","status":"publish","type":"post","link":"http:\/\/www.chapelle-crecy.com\/?p=1442","title":{"rendered":"Car\u00eame et semaine sainte"},"content":{"rendered":"<div align=\"center\">\n<table bgcolor =\"FFFAFA\" border=0>\n<tbody>\n<tr>\n<td width=500><font color=\"008080\"><\/p>\n<div align=\"left\">\n<b>Mercredi 22 f\u00e9vrier<\/b><br \/>\n9 h et 19 h  Messe des Cendres \u00e0 Cr\u00e9cy<\/p>\n<p><b>Tous les vendredi de Car\u00eame<\/b> :<br \/>\nChemin de croix \u00e0 14h \u00e0 Cr\u00e9cy.<\/p>\n<p><b>Vendredi 24 mars<\/b> :<br \/>\n19 h &#8211; Soir\u00e9e \u00ab\u00a0bol de riz\u00a0\u00bb \u00e0 la salle paroissiale de Cr\u00e9cy.<\/p>\n<p><b>Samedi 25 mars<\/b> : Journ\u00e9e du Pardon \u00e0 l&rsquo;\u00e9glise St Jean Bosco \u00e0 Meaux<\/p>\n<p><b>Samedi 1er avril<\/b> : de 10 h \u00e0 12 h : enseignement du P\u00e8re Mathias &#8211; c\u00e9l\u00e9bration p\u00e9nitentielle et confessions avec exposition du Saint Sacrement. <\/div>\n<p><\/font><\/td>\n<\/tr>\n<\/tbody>\n<\/table>\n<table bgcolor =\"F0FAFF\" border=0>\n<tbody>\n<tr>\n<td width=500><font color=\"8080F0\"><\/p>\n<div align=\"left\">\n<b>Jeudi 6 avril : Jeudi Saint<\/b><br \/>\n19 h &#8211; Messe \u00e0 Cr\u00e9cy.<\/p>\n<p><b>Vendredi 7 avril : Vendredi Saint<\/b><br \/>\n11 h &#8211; Chemin de Croix \u00e0 Voulangis.<br \/>\n15 h &#8211; Chemin de Croix \u00e0 Cr\u00e9cy.<br \/>\n19 h &#8211; Messe de la Passion \u00e0 Cr\u00e9cy.<\/p>\n<p><b>Samedi 8 avril : Samedi Saint<\/b><br \/>\n10 h &#8211; Chemin de Croix des enfants \u00e0 Cr\u00e9cy.<br \/>\n21 h  &#8211; Veill\u00e9e Pascale \u00e0 Cr\u00e9cy. Bapt\u00eame de L\u00e9a BOURGOUIN.<\/p>\n<p><b>Dimanche 9 avril : PAQUES<\/b><br \/>\n10 h 30 &#8211; Messe \u00e0 Voulangis.\n <\/div>\n<p><\/font><\/td>\n<\/tr>\n<\/tbody>\n<\/table>\n<\/div>\n","protected":false},"excerpt":{"rendered":"<p>Mercredi 22 f\u00e9vrier 9 h et 19 h Messe des Cendres \u00e0 Cr\u00e9cy Tous les vendredi de Car\u00eame : Chemin de croix \u00e0 14h \u00e0 Cr\u00e9cy. Vendredi 24 mars : 19 h &#8211; Soir\u00e9e&#46;&#46;&#46;<\/p>\n","protected":false},"author":2,"featured_media":0,"comment_status":"open","ping_status":"open","sticky":false,"template":"","format":"standard","meta":{"footnotes":""},"categories":[],"tags":[],"class_list":["post-1442","post","type-post","status-publish","format-standard","hentry"],"_links":{"self":[{"href":"http:\/\/www.chapelle-crecy.com\/index.php?rest_route=\/wp\/v2\/posts\/1442","targetHints":{"allow":["GET"]}}],"collection":[{"href":"http:\/\/www.chapelle-crecy.com\/index.php?rest_route=\/wp\/v2\/posts"}],"about":[{"href":"http:\/\/www.chapelle-crecy.com\/index.php?rest_route=\/wp\/v2\/types\/post"}],"author":[{"embeddable":true,"href":"http:\/\/www.chapelle-crecy.com\/index.php?rest_route=\/wp\/v2\/users\/2"}],"replies":[{"embeddable":true,"href":"http:\/\/www.chapelle-crecy.com\/index.php?rest_route=%2Fwp%2Fv2%2Fcomments&post=1442"}],"version-history":[{"count":0,"href":"http:\/\/www.chapelle-crecy.com\/index.php?rest_route=\/wp\/v2\/posts\/1442\/revisions"}],"wp:attachment":[{"href":"http:\/\/www.chapelle-crecy.com\/index.php?rest_route=%2Fwp%2Fv2%2Fmedia&parent=1442"}],"wp:term":[{"taxonomy":"category","embeddable":true,"href":"http:\/\/www.chapelle-crecy.com\/index.php?rest_route=%2Fwp%2Fv2%2Fcategories&post=1442"},{"taxonomy":"post_tag","embeddable":true,"href":"http:\/\/www.chapelle-crecy.com\/index.php?rest_route=%2Fwp%2Fv2%2Ftags&post=1442"}],"curies":[{"name":"wp","href":"https:\/\/api.w.org\/{rel}","templated":true}]}}