{"id":1443,"date":"2023-02-25T10:05:26","date_gmt":"2023-02-25T10:05:26","guid":{"rendered":""},"modified":"-0001-11-30T00:00:00","modified_gmt":"-0001-11-29T22:00:00","slug":"","status":"publish","type":"post","link":"http:\/\/www.chapelle-crecy.com\/?p=1443","title":{"rendered":"Annonces du 27 f\u00e9vrier au 5 mars 2023"},"content":{"rendered":"<div align=\"justify\">Voici les annonces de la p\u00e9riode du lundi 27 f\u00e9vrier au dimanche 5 mars 2023 pour la paroisse des 3 clochers Cr\u00e9cy-la-Chapelle, Villiers-sur-Morin, Voulangis. <\/p>\n<p>Samedi 4 mars, 18h30 &#8211; messe \u00e0\u00a0 Voulangis<br \/>\nDimanche 5 mars, 10h30 &#8211; messe \u00e0\u00a0 Cr\u00e9cy<br \/>\nTous les d\u00e9tails dans la suite &#8230;\n<\/div>\n<div align=\"center\">\n<table bgcolor =\"FFF6F6\" border=0>\n<tbody>\n<tr>\n<td width=300><font color=\"00B0F0\"><\/p>\n<div align=\"center\"><img decoding=\"async\" src=\"\/IMG\/personnes\/auguste-chapdelaine.jpg\" width=140><br \/><i>Saint Auguste Chapdelaine<br \/>(1er mars)<\/i>\n<\/div>\n<p><\/font><\/td>\n<td width=500><font color=\"00B0F0\"><\/p>\n<div align=\"left\">\n<b>Lundi 27 f\u00e9vrier<\/b><br \/>\n15 h &#8211; Messe \u00e0 la Maison de Retraite de Cr\u00e9cy.<\/p>\n<p><b>Mardi 28 f\u00e9vrier<\/b><br \/>\n9 h &#8211; Messe \u00e0 Cr\u00e9cy.<\/p>\n<p><b>Jeudi 2 mars<\/b><\/p>\n<p>9 h  Messe \u00e0 Cr\u00e9cy pour Andr\u00e9  Panhard.<br \/>\n14 h  Obs\u00e8ques \u00e0 Cr\u00e9cy de Jean-Louis NORMAND.\n <\/div>\n<p><\/font><\/td>\n<\/tr>\n<\/tbody>\n<\/table>\n<table bgcolor =\"F0F6F6\" border=0>\n<tbody>\n<tr>\n<td width=500><font color=\"007F00\"><\/p>\n<div align=\"left\">\n<b>Vendredi 3 mars<\/b><br \/>\n<i>Journ\u00e9e mondiale de pri\u00e8re des  femmes<\/i><br \/>\n14 h &#8211;  Chemin de Croix \u00e0 Cr\u00e9cy.<br \/>\n18 h  &#8211; Messe \u00e0 Cr\u00e9cy.<\/p>\n<p><b>Samedi 4 mars<\/b><br \/>\n18 h 30 &#8211; Messe \u00e0 Voulangis.<\/p>\n<p><b>Dimanche 5 mars<\/b><br \/>\n<i>Deuxi\u00e8me dimanche de Car\u00eame<\/i><br \/>\n10 h 30 &#8211; Messe \u00e0 Cr\u00e9cy. Nous prierons pour Jean-Louis NORMAND, inhum\u00e9 cette semaine.\n<\/div>\n<\/td>\n<td width=400><font color=\"007F00\"><\/p>\n<div align=\"center\"><img decoding=\"async\" src=\"\/IMG\/personnes\/guenole.jpg\" width=140><br \/><i>Saint Gu\u00e9nol\u00e9 <br \/>(3 mars)<\/i>\n<\/div>\n<p><\/font><\/td>\n<\/tr>\n<\/tbody>\n<\/table>\n<\/div>\n","protected":false},"excerpt":{"rendered":"<p>Voici les annonces de la p\u00e9riode du lundi 27 f\u00e9vrier au dimanche 5 mars 2023 pour la paroisse des 3 clochers Cr\u00e9cy-la-Chapelle, Villiers-sur-Morin, Voulangis. Samedi 4 mars, 18h30 &#8211; messe \u00e0\u00a0 Voulangis Dimanche 5&#46;&#46;&#46;<\/p>\n","protected":false},"author":2,"featured_media":0,"comment_status":"open","ping_status":"open","sticky":false,"template":"","format":"standard","meta":{"footnotes":""},"categories":[],"tags":[],"class_list":["post-1443","post","type-post","status-publish","format-standard","hentry"],"_links":{"self":[{"href":"http:\/\/www.chapelle-crecy.com\/index.php?rest_route=\/wp\/v2\/posts\/1443","targetHints":{"allow":["GET"]}}],"collection":[{"href":"http:\/\/www.chapelle-crecy.com\/index.php?rest_route=\/wp\/v2\/posts"}],"about":[{"href":"http:\/\/www.chapelle-crecy.com\/index.php?rest_route=\/wp\/v2\/types\/post"}],"author":[{"embeddable":true,"href":"http:\/\/www.chapelle-crecy.com\/index.php?rest_route=\/wp\/v2\/users\/2"}],"replies":[{"embeddable":true,"href":"http:\/\/www.chapelle-crecy.com\/index.php?rest_route=%2Fwp%2Fv2%2Fcomments&post=1443"}],"version-history":[{"count":0,"href":"http:\/\/www.chapelle-crecy.com\/index.php?rest_route=\/wp\/v2\/posts\/1443\/revisions"}],"wp:attachment":[{"href":"http:\/\/www.chapelle-crecy.com\/index.php?rest_route=%2Fwp%2Fv2%2Fmedia&parent=1443"}],"wp:term":[{"taxonomy":"category","embeddable":true,"href":"http:\/\/www.chapelle-crecy.com\/index.php?rest_route=%2Fwp%2Fv2%2Fcategories&post=1443"},{"taxonomy":"post_tag","embeddable":true,"href":"http:\/\/www.chapelle-crecy.com\/index.php?rest_route=%2Fwp%2Fv2%2Ftags&post=1443"}],"curies":[{"name":"wp","href":"https:\/\/api.w.org\/{rel}","templated":true}]}}