{"id":1444,"date":"2023-03-04T15:32:41","date_gmt":"2023-03-04T15:32:41","guid":{"rendered":""},"modified":"-0001-11-30T00:00:00","modified_gmt":"-0001-11-29T22:00:00","slug":"","status":"publish","type":"post","link":"http:\/\/www.chapelle-crecy.com\/?p=1444","title":{"rendered":"Annonces du 6 au 12 mars 2023"},"content":{"rendered":"<div align=\"justify\">Voici les annonces de la p\u00e9riode du lundi 6 au dimanche 12 mars 2023 pour la paroisse des 3 clochers Cr\u00e9cy-la-Chapelle, Villiers-sur-Morin, Voulangis. <\/p>\n<p>Samedi 11 mars, 18h30 &#8211; messe \u00e0\u00a0 Voulangis<br \/>\nDimanche 12 mars, 10h30 &#8211; messe \u00e0\u00a0 Cr\u00e9cy<br \/>\nTous les d\u00e9tails dans la suite &#8230;\n<\/div>\n<div align=\"center\">\n<table bgcolor =\"FFF6F6\" border=0>\n<tbody>\n<tr>\n<td width=300><font color=\"00B0F0\"><\/p>\n<div align=\"center\"><img decoding=\"async\" src=\"\/IMG\/personnes\/jean-de-dieu.jpg\" width=140><br \/><i>Saint Jean de Dieu<br \/>(8 mars)<\/i>\n<\/div>\n<p><\/font><\/td>\n<td width=500><font color=\"00B0F0\"><\/p>\n<div align=\"left\">\n<b>Lundi 6 mars<\/b><br \/>\n14 h 30  R\u00e9union de l&rsquo;\u00e9quipe du Rosaire.<\/p>\n<p><b>Mardi 7 mars<\/b><br \/>\n9 h &#8211; Messe \u00e0 Cr\u00e9cy.<br \/>\n19 h  R\u00e9union de l&rsquo;EAP.<\/p>\n<p><b>Jeudi 9 mars<\/b><br \/>\n9 h  Messe \u00e0 Cr\u00e9cy pour Lucienne BLAVIER.\n <\/div>\n<p><\/font><\/td>\n<\/tr>\n<\/tbody>\n<\/table>\n<table bgcolor =\"F0F6F6\" border=0>\n<tbody>\n<tr>\n<td width=500><font color=\"007F00\"><\/p>\n<div align=\"left\">\n<b>Vendredi 10 mars<\/b><br \/>\n14 h &#8211;  Chemin de Croix \u00e0 Cr\u00e9cy.<br \/>\n18 h  &#8211; Messe \u00e0 Cr\u00e9cy suivi de l&rsquo;adoration du Saint Sacrement.<\/p>\n<p><b>Samedi 11 mars<\/b><br \/>\n18 h 30 &#8211; Messe \u00e0 Voulangis.<\/p>\n<p><b>Dimanche 12 mars<\/b><br \/>\n<i>Troisi\u00e8me dimanche de Car\u00eame<\/i><br \/>\n10 h 30 &#8211; Messe \u00e0 Cr\u00e9cy pour V\u00e9ronique BARRET.<br \/>\n1er scrutin des cat\u00e9chum\u00e8nes.\n<\/div>\n<\/td>\n<td width=400><font color=\"007F00\"><\/p>\n<div align=\"center\"><img decoding=\"async\" src=\"\/IMG\/personnes\/justine.jpg\" width=140><br \/><i>Sainte Justine<br \/>(12 mars)<\/i>\n<\/div>\n<p><\/font><\/td>\n<\/tr>\n<\/tbody>\n<\/table>\n<\/div>\n","protected":false},"excerpt":{"rendered":"<p>Voici les annonces de la p\u00e9riode du lundi 6 au dimanche 12 mars 2023 pour la paroisse des 3 clochers Cr\u00e9cy-la-Chapelle, Villiers-sur-Morin, Voulangis. Samedi 11 mars, 18h30 &#8211; messe \u00e0\u00a0 Voulangis Dimanche 12 mars,&#46;&#46;&#46;<\/p>\n","protected":false},"author":2,"featured_media":0,"comment_status":"open","ping_status":"open","sticky":false,"template":"","format":"standard","meta":{"footnotes":""},"categories":[],"tags":[],"class_list":["post-1444","post","type-post","status-publish","format-standard","hentry"],"_links":{"self":[{"href":"http:\/\/www.chapelle-crecy.com\/index.php?rest_route=\/wp\/v2\/posts\/1444","targetHints":{"allow":["GET"]}}],"collection":[{"href":"http:\/\/www.chapelle-crecy.com\/index.php?rest_route=\/wp\/v2\/posts"}],"about":[{"href":"http:\/\/www.chapelle-crecy.com\/index.php?rest_route=\/wp\/v2\/types\/post"}],"author":[{"embeddable":true,"href":"http:\/\/www.chapelle-crecy.com\/index.php?rest_route=\/wp\/v2\/users\/2"}],"replies":[{"embeddable":true,"href":"http:\/\/www.chapelle-crecy.com\/index.php?rest_route=%2Fwp%2Fv2%2Fcomments&post=1444"}],"version-history":[{"count":0,"href":"http:\/\/www.chapelle-crecy.com\/index.php?rest_route=\/wp\/v2\/posts\/1444\/revisions"}],"wp:attachment":[{"href":"http:\/\/www.chapelle-crecy.com\/index.php?rest_route=%2Fwp%2Fv2%2Fmedia&parent=1444"}],"wp:term":[{"taxonomy":"category","embeddable":true,"href":"http:\/\/www.chapelle-crecy.com\/index.php?rest_route=%2Fwp%2Fv2%2Fcategories&post=1444"},{"taxonomy":"post_tag","embeddable":true,"href":"http:\/\/www.chapelle-crecy.com\/index.php?rest_route=%2Fwp%2Fv2%2Ftags&post=1444"}],"curies":[{"name":"wp","href":"https:\/\/api.w.org\/{rel}","templated":true}]}}