{"id":1447,"date":"2023-03-25T21:05:30","date_gmt":"2023-03-25T21:05:30","guid":{"rendered":""},"modified":"-0001-11-30T00:00:00","modified_gmt":"-0001-11-29T22:00:00","slug":"","status":"publish","type":"post","link":"http:\/\/www.chapelle-crecy.com\/?p=1447","title":{"rendered":"Annonces du 27 mars au 2 avril 2023"},"content":{"rendered":"<div align=\"justify\">Voici les annonces de la p\u00e9riode du lundi 27 mars au dimanche 2 avril 2023 pour la paroisse des 3 clochers Cr\u00e9cy-la-Chapelle, Villiers-sur-Morin, Voulangis. <\/p>\n<p>Samedi 1er avril, 18h30 &#8211; messe \u00e0\u00a0 Voulangis<br \/>\nDimanche 2 avril, 10h30 &#8211; messe \u00e0\u00a0 Cr\u00e9cy<br \/>\nTous les d\u00e9tails dans la suite &#8230;\n<\/div>\n<div align=\"center\">\n<table bgcolor =\"FFF6F6\" border=0>\n<tbody>\n<tr>\n<td width=300><font color=\"00B0F0\"><\/p>\n<div align=\"center\"><img decoding=\"async\" src=\"\/IMG\/personnes\/amedee.jpg\" width=140><br \/><i>Saint Am\u00e9d\u00e9e<\/i>\n<\/div>\n<p><\/font><\/td>\n<td width=500><font color=\"00B0F0\"><\/p>\n<div align=\"left\">\n<b>Mardi 28 mars<\/b><br \/>\n9 h &#8211; Messe \u00e0 Cr\u00e9cy.<\/p>\n<p><b>Jeudi 30 mars<\/b><br \/>\n<i>Saint Am\u00e9d\u00e9e<\/i><br \/>\n9 h  Messe \u00e0 Cr\u00e9cy.<\/p>\n<p><b>Vendredi 31 mars<\/b><br \/>\n18 h  &#8211; Messe \u00e0 Cr\u00e9cy suivi de l&rsquo;adoration du Saint Sacrement.\n <\/div>\n<p><\/font><\/td>\n<\/tr>\n<\/tbody>\n<\/table>\n<table bgcolor =\"F0F6F6\" border=0>\n<tbody>\n<tr>\n<td width=500><font color=\"007F00\"><\/p>\n<div align=\"left\">\n<b>Samedi 1er avril<\/b><br \/>\nde 10 h \u00e0 12 h &#8211;   Enseignement du P\u00e8re Mathias &#8211; C\u00e9l\u00e9bration p\u00e9nitentielle et confessions &#8211; en pr\u00e9sence du Saint Sacrement.<br \/>\n18 h 30 &#8211; Messe anticip\u00e9e des RAMEAUX \u00e0 Voulangis pour Gaby BEAUMONT.<\/p>\n<p><b>Dimanche 2 avril<\/b><br \/>\n<i>Dimanche des Rameaux<\/i><br \/>\n9 h 45   B\u00e9n\u00e9diction des rameaux  place de Cr\u00e9cy suivie de la procession.<br \/>\n10 h 30 &#8211; Messe de la Passion \u00e0 Cr\u00e9cy.<\/div>\n<\/td>\n<td width=400><font color=\"007F00\"><\/p>\n<div align=\"center\"><img decoding=\"async\" src=\"\/IMG\/gif\/rameaux.gif\" width=180><\/i>\n<\/div>\n<p><\/font><\/td>\n<\/tr>\n<\/tbody>\n<\/table>\n<\/div>\n","protected":false},"excerpt":{"rendered":"<p>Voici les annonces de la p\u00e9riode du lundi 27 mars au dimanche 2 avril 2023 pour la paroisse des 3 clochers Cr\u00e9cy-la-Chapelle, Villiers-sur-Morin, Voulangis. Samedi 1er avril, 18h30 &#8211; messe \u00e0\u00a0 Voulangis Dimanche 2&#46;&#46;&#46;<\/p>\n","protected":false},"author":2,"featured_media":0,"comment_status":"open","ping_status":"open","sticky":false,"template":"","format":"standard","meta":{"footnotes":""},"categories":[],"tags":[],"class_list":["post-1447","post","type-post","status-publish","format-standard","hentry"],"_links":{"self":[{"href":"http:\/\/www.chapelle-crecy.com\/index.php?rest_route=\/wp\/v2\/posts\/1447","targetHints":{"allow":["GET"]}}],"collection":[{"href":"http:\/\/www.chapelle-crecy.com\/index.php?rest_route=\/wp\/v2\/posts"}],"about":[{"href":"http:\/\/www.chapelle-crecy.com\/index.php?rest_route=\/wp\/v2\/types\/post"}],"author":[{"embeddable":true,"href":"http:\/\/www.chapelle-crecy.com\/index.php?rest_route=\/wp\/v2\/users\/2"}],"replies":[{"embeddable":true,"href":"http:\/\/www.chapelle-crecy.com\/index.php?rest_route=%2Fwp%2Fv2%2Fcomments&post=1447"}],"version-history":[{"count":0,"href":"http:\/\/www.chapelle-crecy.com\/index.php?rest_route=\/wp\/v2\/posts\/1447\/revisions"}],"wp:attachment":[{"href":"http:\/\/www.chapelle-crecy.com\/index.php?rest_route=%2Fwp%2Fv2%2Fmedia&parent=1447"}],"wp:term":[{"taxonomy":"category","embeddable":true,"href":"http:\/\/www.chapelle-crecy.com\/index.php?rest_route=%2Fwp%2Fv2%2Fcategories&post=1447"},{"taxonomy":"post_tag","embeddable":true,"href":"http:\/\/www.chapelle-crecy.com\/index.php?rest_route=%2Fwp%2Fv2%2Ftags&post=1447"}],"curies":[{"name":"wp","href":"https:\/\/api.w.org\/{rel}","templated":true}]}}