{"id":1448,"date":"2023-03-30T18:32:41","date_gmt":"2023-03-30T18:32:41","guid":{"rendered":""},"modified":"-0001-11-30T00:00:00","modified_gmt":"-0001-11-29T22:00:00","slug":"","status":"publish","type":"post","link":"http:\/\/www.chapelle-crecy.com\/?p=1448","title":{"rendered":"Dimanche des Rameaux original \u00e0\u00a0 Cr\u00e9cy"},"content":{"rendered":"<div align=justify>\n Pour rappeler l&rsquo;entr\u00e9e triomphale de J\u00e9sus \u00e0 J\u00e9rusalem, acclam\u00e9 par la foule avec des branches d&rsquo;arbres, la paroisse de Cr\u00e9cy organise, ce dimanche 2 avril \u00e0 9h45, avant la messe, une grande procession avec des branches de buis.<\/p>\n<p> Le p\u00e8re Mathias b\u00e9nira les rameaux, puis \u00e0 la suite d&rsquo;un jeune sur sa monture, symbolisant J\u00e9sus sur son \u00e2non, vingt si\u00e8cles apr\u00e8s, nous revivrons cette sc\u00e8ne<br \/>\ngrandiose de la procession des Rameaux. En marchant jusqu&rsquo;\u00e0 l&rsquo;\u00e9glise St Georges, nous nous associerons \u00e0 cette grande joie en acclamant \u00e0 notre tour J\u00e9sus comme notre Roi.<\/p>\n<p> Cependant, cette entr\u00e9e de J\u00e9sus \u00e0 J\u00e9rusalem est le pr\u00e9lude \u00e0 sa Passion quelques jours apr\u00e8s. Au cours de la messe qui suivra, nous lirons les textes de la Passion de Notre Seigneur J\u00e9sus-Christ, qui nous ferons entrer d&#8217;embl\u00e9e dans la Semaine Sainte.<\/p>\n<p> Cette Semaine Sainte qui r\u00e9capitule tout le myst\u00e8re de notre foi chr\u00e9tienne, c&rsquo;est-\u00e0-dire la certitude de la victoire de la VIE sur la MORT, obtenue par J\u00e9sus mort sur la CROIX et RESSUSCITE trois jours plus tard.\n<\/p><\/div>\n<div align=justify>Evangile selon St Matthieu 21, 1-11<\/p>\n<p> J\u00e9sus et ses disciples, approchant de J\u00e9rusalem, arriv\u00e8rent en vue de Bethphag\u00e9, sur les pentes du mont des Oliviers. Alors J\u00e9sus envoya deux disciples en leur disant : \u00ab Allez au village qui est en face de vous ; vous trouverez aussit\u00f4t une \u00e2nesse attach\u00e9e et son petit avec elle. D\u00e9tachez-les et amenez-les moi. Et si l&rsquo;on vous dit quelque chose, vous r\u00e9pondrez : \u00e2\u20ac\u02dcLe Seigneur en a besoin&rsquo;. Et aussit\u00f4t on les laissera partir. \u00bb<\/p>\n<p> Cela est arriv\u00e9 pour que soit accomplie la parole prononc\u00e9e par le proph\u00e8te : Dites \u00e0 la fille de Sion : Voici ton roi qui vient vers toi, plein de douceur, mont\u00e9 sur une \u00e2nesse et un petit \u00e2ne, le petit d&rsquo;une b\u00eate de somme.<\/p>\n<p> Les disciples partirent et firent ce que J\u00e9sus leur avait ordonn\u00e9. Ils amen\u00e8rent l&rsquo;\u00e2nesse et son petit, dispos\u00e8rent sur eux leurs manteaux, et J\u00e9sus s&rsquo;assit dessus. Dans la foule, la plupart \u00e9tendirent leurs manteaux sur le chemin ; d&rsquo;autres coupaient des branches aux arbres et en jonchaient la route. Les foules qui marchaient devant J\u00e9sus et celles qui suivaient criaient : \u00ab Hosanna au fils de David ! B\u00e9ni soit celui qui vient au nom du Seigneur ! Hosanna au plus haut des cieux ! \u00bb<\/p>\n<p> Comme J\u00e9sus entrait \u00e0 J\u00e9rusalem, toute la ville fut en proie \u00e0 l&rsquo;agitation, et disait : \u00ab Qui est cet homme ? \u00bb Et les foules r\u00e9pondaient : \u00ab C&rsquo;est le proph\u00e8te J\u00e9sus, de Nazareth en Galil\u00e9e. \u00bb <\/p><\/div>\n","protected":false},"excerpt":{"rendered":"<p>Pour rappeler l&rsquo;entr\u00e9e triomphale de J\u00e9sus \u00e0 J\u00e9rusalem, acclam\u00e9 par la foule avec des branches d&rsquo;arbres, la paroisse de Cr\u00e9cy organise, ce dimanche 2 avril \u00e0 9h45, avant la messe, une grande procession avec&#46;&#46;&#46;<\/p>\n","protected":false},"author":2,"featured_media":0,"comment_status":"open","ping_status":"open","sticky":false,"template":"","format":"standard","meta":{"footnotes":""},"categories":[],"tags":[],"class_list":["post-1448","post","type-post","status-publish","format-standard","hentry"],"_links":{"self":[{"href":"http:\/\/www.chapelle-crecy.com\/index.php?rest_route=\/wp\/v2\/posts\/1448","targetHints":{"allow":["GET"]}}],"collection":[{"href":"http:\/\/www.chapelle-crecy.com\/index.php?rest_route=\/wp\/v2\/posts"}],"about":[{"href":"http:\/\/www.chapelle-crecy.com\/index.php?rest_route=\/wp\/v2\/types\/post"}],"author":[{"embeddable":true,"href":"http:\/\/www.chapelle-crecy.com\/index.php?rest_route=\/wp\/v2\/users\/2"}],"replies":[{"embeddable":true,"href":"http:\/\/www.chapelle-crecy.com\/index.php?rest_route=%2Fwp%2Fv2%2Fcomments&post=1448"}],"version-history":[{"count":0,"href":"http:\/\/www.chapelle-crecy.com\/index.php?rest_route=\/wp\/v2\/posts\/1448\/revisions"}],"wp:attachment":[{"href":"http:\/\/www.chapelle-crecy.com\/index.php?rest_route=%2Fwp%2Fv2%2Fmedia&parent=1448"}],"wp:term":[{"taxonomy":"category","embeddable":true,"href":"http:\/\/www.chapelle-crecy.com\/index.php?rest_route=%2Fwp%2Fv2%2Fcategories&post=1448"},{"taxonomy":"post_tag","embeddable":true,"href":"http:\/\/www.chapelle-crecy.com\/index.php?rest_route=%2Fwp%2Fv2%2Ftags&post=1448"}],"curies":[{"name":"wp","href":"https:\/\/api.w.org\/{rel}","templated":true}]}}