{"id":1449,"date":"2023-04-02T20:17:09","date_gmt":"2023-04-02T20:17:09","guid":{"rendered":""},"modified":"-0001-11-30T00:00:00","modified_gmt":"-0001-11-29T22:00:00","slug":"","status":"publish","type":"post","link":"http:\/\/www.chapelle-crecy.com\/?p=1449","title":{"rendered":"Annonces du 3 au 9 avril 2023"},"content":{"rendered":"<div align=\"justify\">Voici les annonces de la p\u00e9riode du lundi 3 au dimanche 9 avril 2023 pour la paroisse des 3 clochers Cr\u00e9cy-la-Chapelle, Villiers-sur-Morin, Voulangis. <\/p>\n<p>Samedi 8 avril, 21h00 &#8211; Vigile pascale \u00e0\u00a0 Cr\u00e9cy-la-Chapelle<br \/>\nDimanche 9 avril, 10h30 &#8211; messe de P\u00e2ques \u00e0\u00a0 Voulangis<br \/>\nTous les d\u00e9tails dans la suite &#8230;\n<\/div>\n<div align=\"center\">\n<table bgcolor =\"FFF6F6\" border=0>\n<tbody>\n<tr>\n<td width=300><font color=\"00B0F0\"><\/p>\n<div align=\"center\"><img decoding=\"async\" src=\"\/IMG\/lieux\/sanjuan01.jpg\" width=140>\n<\/div>\n<p><\/font><\/td>\n<td width=500><font color=\"00B0F0\"><\/p>\n<div align=\"left\">\n<b>Mardi 4 avril<\/b><br \/>\n9h &#8211; Messe \u00e0 Cr\u00e9cy.<\/p>\n<p><b>Jeudi 6 avril<\/b><br \/>\n<i>Jeudi SAINT<\/i><br \/>\n19h  Messe de la C\u00e8ne \u00e0 Cr\u00e9cy.<\/p>\n<p><b>Vendredi 7 avril<\/b><br \/>\n<i>Vendredi SAINT.<\/i><br \/>\n11h  Chemin de Croix \u00e0 Voulangis.<br \/>\n15h  Chemin de Croix \u00e0 Cr\u00e9cy.<br \/>\n19h  Messe de la Passion \u00e0 Cr\u00e9cy.<br \/>Qu\u00eate pour les lieux saints et les chr\u00e9tiens du Moyen Orient.\n <\/div>\n<p><\/font><\/td>\n<\/tr>\n<\/tbody>\n<\/table>\n<table bgcolor =\"F0F6F6\" border=0>\n<tbody>\n<tr>\n<td width=500><font color=\"007F00\"><\/p>\n<div align=\"left\">\n<b>Samedi 8 avril<\/b><br \/>\n<i>Samedi SAINT<\/i><br \/>\n10h  Chemin de croix des enfants.<br \/>\n21h &#8211;  VEILLEE PASCALE \u00e0 Cr\u00e9cy.<br \/>\nBapt\u00eame de L\u00e9a BOURGOIN.<\/p>\n<p><b>Dimanche 9 avril<\/b><br \/>\n<i>Dimanche de PAQUES<\/i><br \/>\n10h30 &#8211; Messe \u00e0 Voulangis<\/div>\n<\/td>\n<td width=400><font color=\"007F00\"><\/p>\n<div align=\"center\"><img decoding=\"async\" src=\"\/IMG\/lieux\/sanjuan05.jpg\" width=180><\/i>\n<\/div>\n<p><\/font><\/td>\n<\/tr>\n<\/tbody>\n<\/table>\n<\/div>\n","protected":false},"excerpt":{"rendered":"<p>Voici les annonces de la p\u00e9riode du lundi 3 au dimanche 9 avril 2023 pour la paroisse des 3 clochers Cr\u00e9cy-la-Chapelle, Villiers-sur-Morin, Voulangis. Samedi 8 avril, 21h00 &#8211; Vigile pascale \u00e0\u00a0 Cr\u00e9cy-la-Chapelle Dimanche 9&#46;&#46;&#46;<\/p>\n","protected":false},"author":2,"featured_media":0,"comment_status":"open","ping_status":"open","sticky":false,"template":"","format":"standard","meta":{"footnotes":""},"categories":[],"tags":[],"class_list":["post-1449","post","type-post","status-publish","format-standard","hentry"],"_links":{"self":[{"href":"http:\/\/www.chapelle-crecy.com\/index.php?rest_route=\/wp\/v2\/posts\/1449","targetHints":{"allow":["GET"]}}],"collection":[{"href":"http:\/\/www.chapelle-crecy.com\/index.php?rest_route=\/wp\/v2\/posts"}],"about":[{"href":"http:\/\/www.chapelle-crecy.com\/index.php?rest_route=\/wp\/v2\/types\/post"}],"author":[{"embeddable":true,"href":"http:\/\/www.chapelle-crecy.com\/index.php?rest_route=\/wp\/v2\/users\/2"}],"replies":[{"embeddable":true,"href":"http:\/\/www.chapelle-crecy.com\/index.php?rest_route=%2Fwp%2Fv2%2Fcomments&post=1449"}],"version-history":[{"count":0,"href":"http:\/\/www.chapelle-crecy.com\/index.php?rest_route=\/wp\/v2\/posts\/1449\/revisions"}],"wp:attachment":[{"href":"http:\/\/www.chapelle-crecy.com\/index.php?rest_route=%2Fwp%2Fv2%2Fmedia&parent=1449"}],"wp:term":[{"taxonomy":"category","embeddable":true,"href":"http:\/\/www.chapelle-crecy.com\/index.php?rest_route=%2Fwp%2Fv2%2Fcategories&post=1449"},{"taxonomy":"post_tag","embeddable":true,"href":"http:\/\/www.chapelle-crecy.com\/index.php?rest_route=%2Fwp%2Fv2%2Ftags&post=1449"}],"curies":[{"name":"wp","href":"https:\/\/api.w.org\/{rel}","templated":true}]}}