{"id":145,"date":"2009-07-11T16:14:41","date_gmt":"2009-07-11T16:14:41","guid":{"rendered":""},"modified":"-0001-11-30T00:00:00","modified_gmt":"-0001-11-29T22:00:00","slug":"","status":"publish","type":"post","link":"http:\/\/www.chapelle-crecy.com\/?p=145","title":{"rendered":"Annonces de la semaine du 13 au 19 juillet 2009"},"content":{"rendered":"<table bgcolor =\"F0FAFF\" border=0>\n<tbody>\n<tr>\n<td>\n<div align=\"justify\">\n<div \"57\">Voici les annonces de la semaine du lundi 13 au 19 juillet 2009  pour la paroisse des 3 clochers Cr\u00e9cy-la-Chapelle, Villiers-sur-Morin, Voulangis.<\/div>\n<\/div>\n<\/td>\n<\/tr>\n<\/tbody>\n<\/table>\n<table bgcolor =\"F0FAFF\" border=1>\n<tbody>\n<tr>\n<td>\n<table bgcolor =\"F0FAFF\" border=1>\n<tbody>\n<tr>\n<td><font color=\"0020FF\">Lundi 13 juillet<\/font><\/td>\n<td><font color=\"0020FF\">14h30 : R\u00e9union de l&rsquo;\u00e9quipe du Rosaire \u00e0 Villiers chez Madame ADAM<\/font><\/td>\n<\/tr>\n<tr>\n<td><font color=\"0020FF\">Mercredi 15 juillet<\/font><\/td>\n<td><font color=\"0020FF\">\u00e0 10h30 \u00e0 Cr\u00e9cy, Obs\u00e8ques de Monsieur Henri COLLEU.<\/font><\/td>\n<\/tr>\n<tr>\n<td><font color=\"0020FF\">Dimanche 19 juillet<\/font><\/td>\n<td><font color=\"0020FF\">9h 00   Messe \u00e0 Cr\u00e9cy  pour Lucie RICHOILLEY.<\/font><\/td>\n<\/tr>\n<\/tbody>\n<\/table>\n<\/td>\n<tr>\n<td>\n<div align=\"center\">Il n&rsquo;y aura pas de messe en semaine.<br \/>\nDurant le mois de Juillet, seule la messe dominicale sera c\u00e9l\u00e9br\u00e9e dans la<br \/>\nparoisse. Elle aura lieu \u00e0 Cr\u00e9cy \u00e0 9h \u00e0 l&rsquo;\u00e9glise Saint-Georges.<\/div>\n<\/td>\n<\/tr>\n<\/tbody>\n<\/table>\n","protected":false},"excerpt":{"rendered":"<p>Voici les annonces de la semaine du lundi 13 au 19 juillet 2009 pour la paroisse des 3 clochers Cr\u00e9cy-la-Chapelle, Villiers-sur-Morin, Voulangis. Lundi 13 juillet 14h30 : R\u00e9union de l&rsquo;\u00e9quipe du Rosaire \u00e0 Villiers&#46;&#46;&#46;<\/p>\n","protected":false},"author":2,"featured_media":0,"comment_status":"open","ping_status":"open","sticky":false,"template":"","format":"standard","meta":{"footnotes":""},"categories":[],"tags":[],"class_list":["post-145","post","type-post","status-publish","format-standard","hentry"],"_links":{"self":[{"href":"http:\/\/www.chapelle-crecy.com\/index.php?rest_route=\/wp\/v2\/posts\/145","targetHints":{"allow":["GET"]}}],"collection":[{"href":"http:\/\/www.chapelle-crecy.com\/index.php?rest_route=\/wp\/v2\/posts"}],"about":[{"href":"http:\/\/www.chapelle-crecy.com\/index.php?rest_route=\/wp\/v2\/types\/post"}],"author":[{"embeddable":true,"href":"http:\/\/www.chapelle-crecy.com\/index.php?rest_route=\/wp\/v2\/users\/2"}],"replies":[{"embeddable":true,"href":"http:\/\/www.chapelle-crecy.com\/index.php?rest_route=%2Fwp%2Fv2%2Fcomments&post=145"}],"version-history":[{"count":0,"href":"http:\/\/www.chapelle-crecy.com\/index.php?rest_route=\/wp\/v2\/posts\/145\/revisions"}],"wp:attachment":[{"href":"http:\/\/www.chapelle-crecy.com\/index.php?rest_route=%2Fwp%2Fv2%2Fmedia&parent=145"}],"wp:term":[{"taxonomy":"category","embeddable":true,"href":"http:\/\/www.chapelle-crecy.com\/index.php?rest_route=%2Fwp%2Fv2%2Fcategories&post=145"},{"taxonomy":"post_tag","embeddable":true,"href":"http:\/\/www.chapelle-crecy.com\/index.php?rest_route=%2Fwp%2Fv2%2Ftags&post=145"}],"curies":[{"name":"wp","href":"https:\/\/api.w.org\/{rel}","templated":true}]}}