{"id":1451,"date":"2023-04-15T11:53:53","date_gmt":"2023-04-15T11:53:53","guid":{"rendered":""},"modified":"-0001-11-30T00:00:00","modified_gmt":"-0001-11-29T22:00:00","slug":"","status":"publish","type":"post","link":"http:\/\/www.chapelle-crecy.com\/?p=1451","title":{"rendered":"Annonces du 17 au 23 avril 2023"},"content":{"rendered":"<div align=\"justify\">Voici les annonces de la p\u00e9riode du lundi 17 au dimanche 23 avril 2023 pour la paroisse des 3 clochers Cr\u00e9cy-la-Chapelle, Villiers-sur-Morin, Voulangis. <\/p>\n<p>Samedi 22 avril, 18h30 &#8211; Messe \u00e0\u00a0 Voulangis<br \/>\nDimanche 23 avril, 10h30 &#8211; Messe \u00e0\u00a0 la Coll\u00e9giale<br \/>\nTous les d\u00e9tails dans la suite &#8230;\n<\/div>\n<div align=\"center\">\n<table bgcolor =\"FFF6F6\" border=0>\n<tbody>\n<tr>\n<td width=300><font color=\"00B0F0\"><\/p>\n<div align=\"center\"><img decoding=\"async\" src=\"\/IMG\/personnes\/kateri.jpg\" width=150><br \/><i>Sainte Kateri (17 avril)<\/i>\n<\/div>\n<p><\/font><\/td>\n<td width=600><font color=\"00B0F0\"><\/p>\n<div align=\"left\">\n<b>Lundi 17 avril<\/b><br \/>\n14 h 30 &#8211; A Voulangis, obs\u00e8ques de Michel HOCQUAUX.<br \/>\n18 h 30  R\u00e9p\u00e9tition de la chorale.<br \/>\n20 h  R\u00e9union de l&rsquo;EAP.<\/p>\n<p><b>Jeudi 20 avril<\/b><br \/>\n9 h  Messe \u00e0 Cr\u00e9cy.<br \/>\n14 h 30 &#8211; Obs\u00e8ques de Bernard AMORIM \u00e0 Cr\u00e9cy.<br \/>\n20 h 30  &#8211; R\u00e9union du groupe de Pri\u00e8re \u00e0 Cr\u00e9cy.<\/div>\n<\/td>\n<\/tr>\n<\/tbody>\n<\/table>\n<table bgcolor =\"F3F6FF\" border=0>\n<tbody>\n<tr>\n<td width=650><font color=\"00FF40\"><\/p>\n<div align=\"left\"><b>Vendredi 21 avril<\/b><br \/>\n18 h 30 &#8211; R\u00e9union de l&rsquo;Equipe d&rsquo;Accueil<\/p>\n<p><b>Samedi 22 avril<\/b><br \/>\n18 h 30 &#8211; Messe \u00e0 Voulangis pour Andr\u00e9 et Marguerite Marie PANHARD.<\/p>\n<p><b>Dimanche 23 avril<\/b><br \/>\n10 h 30 &#8211; Messe \u00e0 Cr\u00e9cy pour la famille LOUIS.<br \/>\nNous prions aussi pour Bernard AMORIM inhum\u00e9 cette semaine.<br \/>\nA la fin de la messe, bapt\u00eame d&rsquo;Hugo GIMENEZ<\/div>\n<\/td>\n<td width=300><font color=\"00FF40\"><\/p>\n<div align=\"center\"><img decoding=\"async\" src=\"\/IMG\/personnes\/anselme.jpg\" width=150><br \/><i>Sainte Anselme (21 avril)<\/i>\n<\/div>\n<p><\/font><\/td>\n<\/tr>\n<\/tbody>\n<\/table>\n<\/div>\n","protected":false},"excerpt":{"rendered":"<p>Voici les annonces de la p\u00e9riode du lundi 17 au dimanche 23 avril 2023 pour la paroisse des 3 clochers Cr\u00e9cy-la-Chapelle, Villiers-sur-Morin, Voulangis. Samedi 22 avril, 18h30 &#8211; Messe \u00e0\u00a0 Voulangis Dimanche 23 avril,&#46;&#46;&#46;<\/p>\n","protected":false},"author":2,"featured_media":0,"comment_status":"open","ping_status":"open","sticky":false,"template":"","format":"standard","meta":{"footnotes":""},"categories":[],"tags":[],"class_list":["post-1451","post","type-post","status-publish","format-standard","hentry"],"_links":{"self":[{"href":"http:\/\/www.chapelle-crecy.com\/index.php?rest_route=\/wp\/v2\/posts\/1451","targetHints":{"allow":["GET"]}}],"collection":[{"href":"http:\/\/www.chapelle-crecy.com\/index.php?rest_route=\/wp\/v2\/posts"}],"about":[{"href":"http:\/\/www.chapelle-crecy.com\/index.php?rest_route=\/wp\/v2\/types\/post"}],"author":[{"embeddable":true,"href":"http:\/\/www.chapelle-crecy.com\/index.php?rest_route=\/wp\/v2\/users\/2"}],"replies":[{"embeddable":true,"href":"http:\/\/www.chapelle-crecy.com\/index.php?rest_route=%2Fwp%2Fv2%2Fcomments&post=1451"}],"version-history":[{"count":0,"href":"http:\/\/www.chapelle-crecy.com\/index.php?rest_route=\/wp\/v2\/posts\/1451\/revisions"}],"wp:attachment":[{"href":"http:\/\/www.chapelle-crecy.com\/index.php?rest_route=%2Fwp%2Fv2%2Fmedia&parent=1451"}],"wp:term":[{"taxonomy":"category","embeddable":true,"href":"http:\/\/www.chapelle-crecy.com\/index.php?rest_route=%2Fwp%2Fv2%2Fcategories&post=1451"},{"taxonomy":"post_tag","embeddable":true,"href":"http:\/\/www.chapelle-crecy.com\/index.php?rest_route=%2Fwp%2Fv2%2Ftags&post=1451"}],"curies":[{"name":"wp","href":"https:\/\/api.w.org\/{rel}","templated":true}]}}