{"id":1452,"date":"2023-04-22T09:16:54","date_gmt":"2023-04-22T09:16:54","guid":{"rendered":""},"modified":"-0001-11-30T00:00:00","modified_gmt":"-0001-11-29T22:00:00","slug":"","status":"publish","type":"post","link":"http:\/\/www.chapelle-crecy.com\/?p=1452","title":{"rendered":"Annonces du 24 au 30 avril 2023"},"content":{"rendered":"<div align=\"justify\">Voici les annonces de la p\u00e9riode du lundi 24 au dimanche 30 avril 2023 pour la paroisse des 3 clochers Cr\u00e9cy-la-Chapelle, Villiers-sur-Morin, Voulangis. <\/p>\n<p>Samedi 29 avril, 18h30 &#8211; Messe \u00e0\u00a0 Voulangis<br \/>\nDimanche 30 avril, 10h30 &#8211; Messe \u00e0\u00a0  Cr\u00e9cy<br \/>\nTous les d\u00e9tails dans la suite &#8230;\n<\/div>\n<div align=\"center\">\n<table bgcolor =\"FFF6F6\" border=0>\n<tbody>\n<tr>\n<td width=300><font color=\"00B0F0\"><\/p>\n<div align=\"center\"><img decoding=\"async\" src=\"\/IMG\/personnes\/catherine_sienne.jpg\" width=160><br \/><i>Sainte Catherine de Sienne <br \/>(29 avril)<\/i>\n<\/div>\n<p><\/font><\/td>\n<td width=500><font color=\"00B0F0\"><\/p>\n<div align=\"left\">\n<b>Mardi 25 avril<\/b><br \/>\n9 h &#8211; Messe \u00e0 Cr\u00e9cy .<\/p>\n<p><b>Jeudi 27 avril<\/b><br \/>\n9 h  Messe \u00e0 Cr\u00e9cy.<\/p>\n<p><b>Samedi 29 avril<\/b><br \/>\n18 h 30 &#8211; \u00e0 Voulangis Messe anniversaire pour le P\u00e8re Fran\u00e7ois CORPECHOT.<\/p>\n<p><b>Dimanche 30 avril<\/b><br \/>\n10 h 30 &#8211; Messe \u00e0 Cr\u00e9cy.<\/p>\n<p>Samedi 29 et dimanche 30 avril : QUETE AU PROFIT DE L&rsquo;OEUVRE DES VOCATIONS.\n<\/p><\/div>\n<\/td>\n<\/tr>\n<\/tbody>\n<\/table>\n<\/div>\n","protected":false},"excerpt":{"rendered":"<p>Voici les annonces de la p\u00e9riode du lundi 24 au dimanche 30 avril 2023 pour la paroisse des 3 clochers Cr\u00e9cy-la-Chapelle, Villiers-sur-Morin, Voulangis. Samedi 29 avril, 18h30 &#8211; Messe \u00e0\u00a0 Voulangis Dimanche 30 avril,&#46;&#46;&#46;<\/p>\n","protected":false},"author":2,"featured_media":0,"comment_status":"open","ping_status":"open","sticky":false,"template":"","format":"standard","meta":{"footnotes":""},"categories":[],"tags":[],"class_list":["post-1452","post","type-post","status-publish","format-standard","hentry"],"_links":{"self":[{"href":"http:\/\/www.chapelle-crecy.com\/index.php?rest_route=\/wp\/v2\/posts\/1452","targetHints":{"allow":["GET"]}}],"collection":[{"href":"http:\/\/www.chapelle-crecy.com\/index.php?rest_route=\/wp\/v2\/posts"}],"about":[{"href":"http:\/\/www.chapelle-crecy.com\/index.php?rest_route=\/wp\/v2\/types\/post"}],"author":[{"embeddable":true,"href":"http:\/\/www.chapelle-crecy.com\/index.php?rest_route=\/wp\/v2\/users\/2"}],"replies":[{"embeddable":true,"href":"http:\/\/www.chapelle-crecy.com\/index.php?rest_route=%2Fwp%2Fv2%2Fcomments&post=1452"}],"version-history":[{"count":0,"href":"http:\/\/www.chapelle-crecy.com\/index.php?rest_route=\/wp\/v2\/posts\/1452\/revisions"}],"wp:attachment":[{"href":"http:\/\/www.chapelle-crecy.com\/index.php?rest_route=%2Fwp%2Fv2%2Fmedia&parent=1452"}],"wp:term":[{"taxonomy":"category","embeddable":true,"href":"http:\/\/www.chapelle-crecy.com\/index.php?rest_route=%2Fwp%2Fv2%2Fcategories&post=1452"},{"taxonomy":"post_tag","embeddable":true,"href":"http:\/\/www.chapelle-crecy.com\/index.php?rest_route=%2Fwp%2Fv2%2Ftags&post=1452"}],"curies":[{"name":"wp","href":"https:\/\/api.w.org\/{rel}","templated":true}]}}