{"id":1453,"date":"2023-04-30T20:04:37","date_gmt":"2023-04-30T20:04:37","guid":{"rendered":""},"modified":"-0001-11-30T00:00:00","modified_gmt":"-0001-11-29T22:00:00","slug":"","status":"publish","type":"post","link":"http:\/\/www.chapelle-crecy.com\/?p=1453","title":{"rendered":"Annonces du 1er au 7 mai 2023"},"content":{"rendered":"<div align=\"justify\">Voici les annonces de la p\u00e9riode du lundi 1er au dimanche 7 mai 2023 pour la paroisse des 3 clochers Cr\u00e9cy-la-Chapelle, Villiers-sur-Morin, Voulangis. <\/p>\n<p>Samedi 6 mai 18h30 &#8211; Messe \u00e0\u00a0 Voulangis<br \/>\nDimanche 7 mai, 10h30 &#8211; Messe \u00e0\u00a0  la Coll\u00e9giale<br \/>\nTous les d\u00e9tails dans la suite &#8230;\n<\/div>\n<div align=\"center\">\n<table bgcolor =\"FFF6F6\" border=0>\n<tbody>\n<tr>\n<td width=300><font color=\"00B0F0\"><\/p>\n<div align=\"center\"><img decoding=\"async\" src=\"\/IMG\/personnes\/boris.jpg\" width=160><br \/><i>Saint Boris <br \/>(2 mai)<\/i>\n<\/div>\n<p><\/font><\/td>\n<td width=500><font color=\"00B0F0\"><\/p>\n<div align=\"left\">\n<b>Lundi 1er avril<\/b><br \/>\n9 h 30 &#8211; Chapelet  &#8211; b\u00e9n\u00e9diction de l&rsquo;ic\u00f4ne de Marie.<\/p>\n<p><b>Mardi 2 mai<\/b><br \/>\n9 h &#8211; Messe \u00e0 Cr\u00e9cy .<\/p>\n<p><b>Jeudi 4 mai<\/b><br \/>\n9 h  Messe \u00e0 Cr\u00e9cy.<\/p>\n<p><b>Samedi 6 mai<\/b><br \/>\n9 h 30 &#8211; Chapelet \u00e0 Cr\u00e9cy.<br \/>\n16 h &#8211; \u00e0 la coll\u00e9giale, mariage de David DELIGNY et de St\u00e9phane VIVINI.<br \/>\n18 h 30 &#8211; \u00e0 Voulangis Messe pour Andr\u00e9 et >Marguerite Marie PANHARD.<\/p>\n<p><b>Dimanche 7 mai<\/b><br \/>\n10 h 30 &#8211; A la coll\u00e9giale, messe anniversaire pour Lancelot (de la famille HUYGHE).<br \/>\nBapt\u00eame de Mayson et Lyana MARQUES-CARDOSO.\n<\/div>\n<\/td>\n<\/tr>\n<\/tbody>\n<\/table>\n<\/div>\n","protected":false},"excerpt":{"rendered":"<p>Voici les annonces de la p\u00e9riode du lundi 1er au dimanche 7 mai 2023 pour la paroisse des 3 clochers Cr\u00e9cy-la-Chapelle, Villiers-sur-Morin, Voulangis. Samedi 6 mai 18h30 &#8211; Messe \u00e0\u00a0 Voulangis Dimanche 7 mai,&#46;&#46;&#46;<\/p>\n","protected":false},"author":2,"featured_media":0,"comment_status":"open","ping_status":"open","sticky":false,"template":"","format":"standard","meta":{"footnotes":""},"categories":[],"tags":[],"class_list":["post-1453","post","type-post","status-publish","format-standard","hentry"],"_links":{"self":[{"href":"http:\/\/www.chapelle-crecy.com\/index.php?rest_route=\/wp\/v2\/posts\/1453","targetHints":{"allow":["GET"]}}],"collection":[{"href":"http:\/\/www.chapelle-crecy.com\/index.php?rest_route=\/wp\/v2\/posts"}],"about":[{"href":"http:\/\/www.chapelle-crecy.com\/index.php?rest_route=\/wp\/v2\/types\/post"}],"author":[{"embeddable":true,"href":"http:\/\/www.chapelle-crecy.com\/index.php?rest_route=\/wp\/v2\/users\/2"}],"replies":[{"embeddable":true,"href":"http:\/\/www.chapelle-crecy.com\/index.php?rest_route=%2Fwp%2Fv2%2Fcomments&post=1453"}],"version-history":[{"count":0,"href":"http:\/\/www.chapelle-crecy.com\/index.php?rest_route=\/wp\/v2\/posts\/1453\/revisions"}],"wp:attachment":[{"href":"http:\/\/www.chapelle-crecy.com\/index.php?rest_route=%2Fwp%2Fv2%2Fmedia&parent=1453"}],"wp:term":[{"taxonomy":"category","embeddable":true,"href":"http:\/\/www.chapelle-crecy.com\/index.php?rest_route=%2Fwp%2Fv2%2Fcategories&post=1453"},{"taxonomy":"post_tag","embeddable":true,"href":"http:\/\/www.chapelle-crecy.com\/index.php?rest_route=%2Fwp%2Fv2%2Ftags&post=1453"}],"curies":[{"name":"wp","href":"https:\/\/api.w.org\/{rel}","templated":true}]}}