{"id":1454,"date":"2023-05-06T08:51:17","date_gmt":"2023-05-06T08:51:17","guid":{"rendered":""},"modified":"-0001-11-30T00:00:00","modified_gmt":"-0001-11-29T22:00:00","slug":"","status":"publish","type":"post","link":"http:\/\/www.chapelle-crecy.com\/?p=1454","title":{"rendered":"Annonces du 8 au 14 mai 2023"},"content":{"rendered":"<div align=\"justify\">Voici les annonces de la p\u00e9riode du lundi 8 au dimanche 14 mai 2023 pour la paroisse des 3 clochers Cr\u00e9cy-la-Chapelle, Villiers-sur-Morin, Voulangis. <\/p>\n<p>Samedi 13 mai 18h30 &#8211; Messe \u00e0\u00a0 Voulangis<br \/>\nDimanche 14 mai, 10h30 &#8211; Messe \u00e0\u00a0  la Coll\u00e9giale<br \/>\nTous les d\u00e9tails dans la suite &#8230;\n<\/div>\n<div align=\"center\">\n<table bgcolor =\"FFF6F6\" border=0>\n<tbody>\n<tr>\n<td width=300><font color=\"00B0F0\"><\/p>\n<div align=\"center\"><img decoding=\"async\" src=\"\/IMG\/personnes\/pacome.jpg\" width=160>\n<\/div>\n<p><\/font><\/td>\n<td width=500><font color=\"00B0F0\"><\/p>\n<div align=\"left\">\n<b>Lundi 8 mai<\/b><br \/>\n10 h  Messe des Anciens Combattants \u00e0  St  Georges.<\/p>\n<p><b>Mardi 9 mai<\/b><br \/>\n<i>Saint Pac\u00f4me<\/i><br \/>\n9 h &#8211; Messe \u00e0 Cr\u00e9cy .<\/p>\n<p><b>Jeudi 11 mai<\/b><br \/>\n9 h  Messe \u00e0 Cr\u00e9cy.<\/p>\n<p><b>Vendredi 12 mai<\/b><br \/>\n9 h  Messe \u00e0 Cr\u00e9cy, et  adoration de St Sacrement.\n<\/div>\n<\/td>\n<\/tr>\n<\/tbody>\n<\/table>\n<table bgcolor =\"FFF0F0\" border=0>\n<tbody>\n<tr>\n<td width=500><font color=\"00D060\"><\/p>\n<div align=\"left\">\n<b>Samedi 13 mai<\/b><br \/>\n9 h 30 &#8211; Chapelet \u00e0 Cr\u00e9cy.<br \/>\n10  h 30  Bapt\u00eame \u00e0 Voulangis d&rsquo;Hugo et Ma\u00ebl NGALIENE.<br \/>\n18 h 30 &#8211; Messe \u00e0 Voulangis.<\/p>\n<p><b>Dimanche 14 mai<\/b><br \/>\n<i>Saint Matthias<\/i><br \/>\n10 h 30  Messe d&rsquo;action de gr\u00e2ce \u00e0 la Coll\u00e9giale de Cr\u00e9cy.<br \/>\nA la fin de la messe : Bapt\u00eame de Vittorio VINCENZO.\n<\/div>\n<\/td>\n<td width=300><font color=\"00D060\"><\/p>\n<div align=\"center\"><img decoding=\"async\" src=\"\/IMG\/personnes\/matthias.jpg\" width=160><br \/><i>Saint Matthias<\/i>\n<\/div>\n<p><\/font><\/td>\n<\/tr>\n<\/tbody>\n<\/table>\n<\/div>\n","protected":false},"excerpt":{"rendered":"<p>Voici les annonces de la p\u00e9riode du lundi 8 au dimanche 14 mai 2023 pour la paroisse des 3 clochers Cr\u00e9cy-la-Chapelle, Villiers-sur-Morin, Voulangis. Samedi 13 mai 18h30 &#8211; Messe \u00e0\u00a0 Voulangis Dimanche 14 mai,&#46;&#46;&#46;<\/p>\n","protected":false},"author":2,"featured_media":0,"comment_status":"open","ping_status":"open","sticky":false,"template":"","format":"standard","meta":{"footnotes":""},"categories":[],"tags":[],"class_list":["post-1454","post","type-post","status-publish","format-standard","hentry"],"_links":{"self":[{"href":"http:\/\/www.chapelle-crecy.com\/index.php?rest_route=\/wp\/v2\/posts\/1454","targetHints":{"allow":["GET"]}}],"collection":[{"href":"http:\/\/www.chapelle-crecy.com\/index.php?rest_route=\/wp\/v2\/posts"}],"about":[{"href":"http:\/\/www.chapelle-crecy.com\/index.php?rest_route=\/wp\/v2\/types\/post"}],"author":[{"embeddable":true,"href":"http:\/\/www.chapelle-crecy.com\/index.php?rest_route=\/wp\/v2\/users\/2"}],"replies":[{"embeddable":true,"href":"http:\/\/www.chapelle-crecy.com\/index.php?rest_route=%2Fwp%2Fv2%2Fcomments&post=1454"}],"version-history":[{"count":0,"href":"http:\/\/www.chapelle-crecy.com\/index.php?rest_route=\/wp\/v2\/posts\/1454\/revisions"}],"wp:attachment":[{"href":"http:\/\/www.chapelle-crecy.com\/index.php?rest_route=%2Fwp%2Fv2%2Fmedia&parent=1454"}],"wp:term":[{"taxonomy":"category","embeddable":true,"href":"http:\/\/www.chapelle-crecy.com\/index.php?rest_route=%2Fwp%2Fv2%2Fcategories&post=1454"},{"taxonomy":"post_tag","embeddable":true,"href":"http:\/\/www.chapelle-crecy.com\/index.php?rest_route=%2Fwp%2Fv2%2Ftags&post=1454"}],"curies":[{"name":"wp","href":"https:\/\/api.w.org\/{rel}","templated":true}]}}