{"id":1455,"date":"2023-05-08T08:51:00","date_gmt":"2023-05-08T08:51:00","guid":{"rendered":""},"modified":"-0001-11-30T00:00:00","modified_gmt":"-0001-11-29T22:00:00","slug":"","status":"publish","type":"post","link":"http:\/\/www.chapelle-crecy.com\/?p=1455","title":{"rendered":"Messe comm\u00e9morative du 8 mai 1945 \u00e0\u00a0 Cr\u00e9cy"},"content":{"rendered":"<div align=justify>Ce lundi 8 mai, nos deux pr\u00eatres Mathias et Antoine ont conc\u00e9l\u00e9br\u00e9 cette remarquable messe du souvenir de la lib\u00e9ration de la France en l&rsquo;\u00e9glise st Georges de Cr\u00e9cy. Vous trouverez en pi\u00e8ces jointes en image les principaux moments de cette belle journ\u00e9e plac\u00e9e sous le signe de la Paix. Pour ceux qui n&rsquo;\u00e9taient pr\u00e9sents \u00e0\u00a0 la c\u00e9r\u00e9monie religieuse, retrouvez ci-apr\u00e8s la tr\u00e8s belle hom\u00e9lie du jour qui a \u00e9t\u00e9 prononc\u00e9e par le p\u00e8re Antoine.<\/div>\n<div align=justify> <br \/>\nNous comm\u00e9morons la fin de la grande guerre. Avec notre Maire de Cr\u00e9cy, ici pr\u00e9sente, et vous tous ici rassembl\u00e9s, nous voulons faire m\u00e9moire mais aussi prier pour la paix dans le monde \u00e0 partir de cette parole centrale de l&rsquo;Evangile. <\/p>\n<p> \u00ab Si quelqu&rsquo;un m&rsquo;aime, il gardera ma parole, mon P\u00e8re l&rsquo;aimera, nous viendrons \u00e0 lui et nous \u00e9tablirons chez lui notre demeure \u00bb. Ces paroles que nous avons entendues de l&rsquo;Evangile sont tir\u00e9es du discours d&rsquo;adieu de J\u00e9sus \u00e0 ses disciples, le Jeudi saint. L&rsquo;heure est grave. L&rsquo;ambiance est \u00e0 l&rsquo;angoisse. Il ne reste plus que quelques heures avant qu&rsquo;il ne soit livr\u00e9. J\u00e9sus le sait. Alors, il donne l&rsquo;essentiel de son enseignement. Chaque mot p\u00e8se de tout son poids, car ce sont les derniers, ce qui explique la densit\u00e9 de ce passage. On dirait un testament !<\/p>\n<p>D&rsquo;un c\u00f4t\u00e9, il y a l&rsquo;amour que nous les hommes nous pouvons porter au Christ. Aimer J\u00e9sus, c&rsquo;est contempler ce qu&rsquo;il a fait, c&rsquo;est nous laisser saisir par ce qu&rsquo;il nous dit par les \u00e9vangiles, c&rsquo;est aussi prot\u00e9ger sa parole, et pour qu&rsquo;une parole soit prot\u00e9g\u00e9e, elle doit \u00eatre transmise \u00e0 d&rsquo;autres, comme nous d\u00e9sirons transmettre chaque ann\u00e9e, la m\u00e9moire de nos vaillants combattants.  Par amour pour la France, ils ont renonc\u00e9 \u00e0 leurs vies, pour l&rsquo;honneur de leur pays et des g\u00e9n\u00e9rations \u00e0 venir. C&rsquo;est cette gratuit\u00e9 de vies que nous retrouvons dans la premi\u00e8re lecture quand Paul et Barnab\u00e9 vont faire du bien \u00e0 l&rsquo;infirme sans rien attendre de retour. Oui, les actes de nos combattants et ceux des ap\u00f4tres d\u00e9passent les contours de notre propre vie et de notre propre temps. <\/p>\n<p>De l&rsquo;autre c\u00f4t\u00e9, aimer J\u00e9sus, c&rsquo;est aimer Dieu, c&rsquo;est l&rsquo;accueillir pour qu&rsquo;ils fassent en nous leur demeure. Oui, nous sommes le sanctuaire de Dieu, nous sommes le temple de Dieu comme le dit bien saint Paul. Et m\u00eame si cela nous d\u00e9passe compl\u00e9tement, c&rsquo;est bien cela qui nous est dit : Dieu, si nous l&rsquo;acceptons, peut s&rsquo;installer en nous et faire de notre \u00eatre sa demeure sacr\u00e9e. Nous sommes sacr\u00e9s et le monde qui nous est donn\u00e9 est sacr\u00e9. Tout homme ici ou ailleurs est sacr\u00e9, et cette sacralit\u00e9, comme la parole de Dieu, ne peut \u00eatre pr\u00e9serv\u00e9e qu&rsquo;en \u00e9tant partag\u00e9e largement \u00e0 tous. C&rsquo;est cela que nous voulons aussi dire au monde en c\u00e9l\u00e9brant cette m\u00e9moire. Nous le redisons \u00e0 haute voix \u00e0 tous ceux qui de loin ou de pr\u00e8s sacrifient des vies humaines pour leurs int\u00e9r\u00eats \u00e9go\u00efstes.<\/p>\n<p>Chers soeurs et fr\u00e8res, de nombreux observateurs d\u00e9crivent notre temps comme un temps de crises multiples : crise \u00e9cologique, climatique, crise des r\u00e9gimes politiques, crise de nos d\u00e9mocraties. A cela, nous pouvons rajouter, pour nous catholiques, la crise de notre institution. Mais quel est notre devoir face \u00e0 ces crises ? De nous asseoir et de dire que l&rsquo;on n&rsquo;y peut pas grand-chose ? De dire que cela s&rsquo;arrangera tout seul ? De dire que d&rsquo;autres plus intelligents que nous vont agir ? Ou pire, dire que tout est pourri, que tout est foutu ?<\/p>\n<p>Non ! Notre devoir est de nous laisser habiter par la parole de Dieu. Et cette parole nous dit que nous avons un r\u00f4le essentiel \u00e0 jouer pour que le sanctuaire qu&rsquo;est l&rsquo;homme soit respect\u00e9. C&rsquo;est pour cela qu&rsquo;il nous faut \u00eatre attentif \u00e0 la justice climatique, \u00e9conomique et sociale. Laisser Dieu habiter en nous, c&rsquo;est agir continuellement et intelligemment pour le bien de l&rsquo;homme, sanctuaire de Dieu, h\u00e9ritier et responsable de la cr\u00e9ation de Dieu.<\/p>\n<p>En effet, J\u00e9sus n&rsquo;est donc plus l\u00e0 physiquement pr\u00e9sent avec nous comme avant, mais il demeure en celui qui l&rsquo;aime gr\u00e2ce \u00e0 l&rsquo;Esprit Saint. C&rsquo;est l&rsquo;Esprit saint qui nous unis au P\u00e8re et au Fils, dans un souvenir qui ne renvoie pas au pass\u00e9, mais qui rend sa parole toujours d&rsquo;actualit\u00e9. Permettez-moi de dire aujourd&rsquo;hui que la France, fille a \u00een\u00e9e de l&rsquo;Eglise, doit demeurer la France de la joie pascale et de ses promesses de r\u00e9surrection. Ne nous laissons donc pas abattre par les conjonctures difficiles et les temps mauvais. A la suite de la pucelle d&rsquo;Orl\u00e9ans, Jeanne d&rsquo;Arc, honor\u00e9 aussi le 8 mai et cela depuis 1429, prions saint Michel archange \u00e0 qui Dieu a donn\u00e9 le pouvoir extraordinaire de faire incliner la balance du bon c\u00f4t\u00e9, m\u00eame dans les pires combats.<br \/>\nAujourd&rsquo;hui, rappelons-nous ces femmes et ces hommes qui ont particip\u00e9 \u00e0 la campagne de la France, \u00e0 sa lib\u00e9ration et qui continuent par leurs exemples \u00e0 inspirer des g\u00e9n\u00e9rations soucieux de l&rsquo;avenir de leur pays. <\/p>\n<p>Ce matin, chacun pourrait se poser cette question : 78 ann\u00e9es apr\u00e8s, qui parlera de moi, de quoi parlera-t-il ? Le pape Fran\u00e7ois disait : \u00ab Nous ne sommes pas venus dans le monde pour nous asseoir dans un canap\u00e9, nous sommes venus dans le monde pour poser une empreinte, quelque chose qui demeurera dans la m\u00e9moire des g\u00e9n\u00e9rations futures \u00bb. <\/p>\n<p>Qu&rsquo;en cette m\u00e9moire, tous, autorit\u00e9s et parents, r\u00e9sidents ou visiteurs de la France, nous nous sentions appel\u00e9s \u00e0 travailler pour une bonne \u00e9ducation de la jeunesse. Car, comme aimait le rappeler Nelson Mandela, l&rsquo;\u00e9ducation est l&rsquo;arme la plus puissante pour changer le monde. La m\u00e9moire de tous ces combattants ne doit pas \u00eatre un simple souvenir, elle doit \u00eatre pour nous un appel \u00e0 la vigilance et \u00e0 l&rsquo;engagement pour la paix, la libert\u00e9 et l&rsquo;unit\u00e9, car tout est encore fragile. Alors, que chacun de nous s&rsquo;investisse dans son projet, dans ce qu&rsquo;il fait et que la Sainte Trinit\u00e9 qui d\u00e9sire habiter en nous y aide. Amen.<\/p><\/div>\n<div align=\"center\">\n<img decoding=\"async\" src=\"\/IMG\/messes\/8mai23A.jpg\"><br \/>\n<img decoding=\"async\" src=\"\/IMG\/messes\/8mai23B.jpg\"><br \/>\n<img decoding=\"async\" src=\"\/IMG\/messes\/8mai23C.jpg\"><br \/>\n<img decoding=\"async\" src=\"\/IMG\/messes\/8mai23D.jpg\"><br \/>\n<img decoding=\"async\" src=\"\/IMG\/messes\/8mai23E.jpg\"><br \/>\n<img decoding=\"async\" src=\"\/IMG\/messes\/8mai23F.jpg\">\n<\/div>\n","protected":false},"excerpt":{"rendered":"<p>Ce lundi 8 mai, nos deux pr\u00eatres Mathias et Antoine ont conc\u00e9l\u00e9br\u00e9 cette remarquable messe du souvenir de la lib\u00e9ration de la France en l&rsquo;\u00e9glise st Georges de Cr\u00e9cy. Vous trouverez en pi\u00e8ces jointes&#46;&#46;&#46;<\/p>\n","protected":false},"author":2,"featured_media":0,"comment_status":"open","ping_status":"open","sticky":false,"template":"","format":"standard","meta":{"footnotes":""},"categories":[],"tags":[],"class_list":["post-1455","post","type-post","status-publish","format-standard","hentry"],"_links":{"self":[{"href":"http:\/\/www.chapelle-crecy.com\/index.php?rest_route=\/wp\/v2\/posts\/1455","targetHints":{"allow":["GET"]}}],"collection":[{"href":"http:\/\/www.chapelle-crecy.com\/index.php?rest_route=\/wp\/v2\/posts"}],"about":[{"href":"http:\/\/www.chapelle-crecy.com\/index.php?rest_route=\/wp\/v2\/types\/post"}],"author":[{"embeddable":true,"href":"http:\/\/www.chapelle-crecy.com\/index.php?rest_route=\/wp\/v2\/users\/2"}],"replies":[{"embeddable":true,"href":"http:\/\/www.chapelle-crecy.com\/index.php?rest_route=%2Fwp%2Fv2%2Fcomments&post=1455"}],"version-history":[{"count":0,"href":"http:\/\/www.chapelle-crecy.com\/index.php?rest_route=\/wp\/v2\/posts\/1455\/revisions"}],"wp:attachment":[{"href":"http:\/\/www.chapelle-crecy.com\/index.php?rest_route=%2Fwp%2Fv2%2Fmedia&parent=1455"}],"wp:term":[{"taxonomy":"category","embeddable":true,"href":"http:\/\/www.chapelle-crecy.com\/index.php?rest_route=%2Fwp%2Fv2%2Fcategories&post=1455"},{"taxonomy":"post_tag","embeddable":true,"href":"http:\/\/www.chapelle-crecy.com\/index.php?rest_route=%2Fwp%2Fv2%2Ftags&post=1455"}],"curies":[{"name":"wp","href":"https:\/\/api.w.org\/{rel}","templated":true}]}}