{"id":1456,"date":"2023-05-12T11:15:25","date_gmt":"2023-05-12T11:15:25","guid":{"rendered":""},"modified":"-0001-11-30T00:00:00","modified_gmt":"-0001-11-29T22:00:00","slug":"","status":"publish","type":"post","link":"http:\/\/www.chapelle-crecy.com\/?p=1456","title":{"rendered":"Messe \u00e0\u00a0 Quincy"},"content":{"rendered":"<p>Messe \u00e0\u00a0 Quincy samedi 13 mai \u00e0\u00a0 20h30 \u00e0\u00a0 Quincy en l&rsquo;honneur de ND Fatima <\/p>\n<div align=justify>Le p\u00e8re Michel Henrie, pr\u00eatre r\u00e9f\u00e9rent du secteur paroissial de Quincy-Couilly-Saint Germain nous informe qu&rsquo;une messe en l&rsquo;honneur de Notre-Dame de Fatima sera c\u00e9l\u00e9br\u00e9e, ce samedi 13 mai, \u00e0\u00a0 20 h 30, dans l&rsquo;\u00e9glise de Quincy, suivie d&rsquo;une procession aux flambeaux.<br \/>\nPour rappel, cette statue de Notre-Dame de Fatima a \u00e9t\u00e9 b\u00e9nite et install\u00e9e dans l&rsquo;\u00e9glise de Quincy, le samedi 22 avril, au cours de la messe de 18h, en l&rsquo;honneur de la Vierge Marie. Nos amis portugais et autres paroissiens du secteur \u00e9taient venus nombreux \u00e0\u00a0 cette c\u00e9r\u00e9monie.<\/div>\n<div align=\"center\"><img decoding=\"async\" src=\"\/IMG\/jpg\/fatima.jpg\" height=300><br \/>\n<img decoding=\"async\" src=\"\/IMG\/jpg\/eglise_quincy.jpg\" height=300><\/div>\n","protected":false},"excerpt":{"rendered":"<p>Messe \u00e0\u00a0 Quincy samedi 13 mai \u00e0\u00a0 20h30 \u00e0\u00a0 Quincy en l&rsquo;honneur de ND Fatima Le p\u00e8re Michel Henrie, pr\u00eatre r\u00e9f\u00e9rent du secteur paroissial de Quincy-Couilly-Saint Germain nous informe qu&rsquo;une messe en l&rsquo;honneur de&#46;&#46;&#46;<\/p>\n","protected":false},"author":2,"featured_media":0,"comment_status":"open","ping_status":"open","sticky":false,"template":"","format":"standard","meta":{"footnotes":""},"categories":[],"tags":[],"class_list":["post-1456","post","type-post","status-publish","format-standard","hentry"],"_links":{"self":[{"href":"http:\/\/www.chapelle-crecy.com\/index.php?rest_route=\/wp\/v2\/posts\/1456","targetHints":{"allow":["GET"]}}],"collection":[{"href":"http:\/\/www.chapelle-crecy.com\/index.php?rest_route=\/wp\/v2\/posts"}],"about":[{"href":"http:\/\/www.chapelle-crecy.com\/index.php?rest_route=\/wp\/v2\/types\/post"}],"author":[{"embeddable":true,"href":"http:\/\/www.chapelle-crecy.com\/index.php?rest_route=\/wp\/v2\/users\/2"}],"replies":[{"embeddable":true,"href":"http:\/\/www.chapelle-crecy.com\/index.php?rest_route=%2Fwp%2Fv2%2Fcomments&post=1456"}],"version-history":[{"count":0,"href":"http:\/\/www.chapelle-crecy.com\/index.php?rest_route=\/wp\/v2\/posts\/1456\/revisions"}],"wp:attachment":[{"href":"http:\/\/www.chapelle-crecy.com\/index.php?rest_route=%2Fwp%2Fv2%2Fmedia&parent=1456"}],"wp:term":[{"taxonomy":"category","embeddable":true,"href":"http:\/\/www.chapelle-crecy.com\/index.php?rest_route=%2Fwp%2Fv2%2Fcategories&post=1456"},{"taxonomy":"post_tag","embeddable":true,"href":"http:\/\/www.chapelle-crecy.com\/index.php?rest_route=%2Fwp%2Fv2%2Ftags&post=1456"}],"curies":[{"name":"wp","href":"https:\/\/api.w.org\/{rel}","templated":true}]}}