{"id":1457,"date":"2023-05-14T10:28:40","date_gmt":"2023-05-14T10:28:40","guid":{"rendered":""},"modified":"-0001-11-30T00:00:00","modified_gmt":"-0001-11-29T22:00:00","slug":"","status":"publish","type":"post","link":"http:\/\/www.chapelle-crecy.com\/?p=1457","title":{"rendered":"Annonces du 15 au 21 mai 2023"},"content":{"rendered":"<div align=\"justify\">Voici les annonces de la p\u00e9riode du lundi 15 au dimanche 21 mai 2023 pour la paroisse des 3 clochers Cr\u00e9cy-la-Chapelle, Villiers-sur-Morin, Voulangis. <\/p>\n<p>Jeudi 18 mai 18h30 &#8211; Messe de l&rsquo;Ascension la Coll\u00e9giale.<br \/>\nSamedi 20 mai 18h30 &#8211; Messe \u00e0\u00a0 Voulangis.<br \/>\nDimanche 21 mai, 10h30 &#8211; Messe \u00e0\u00a0  la Coll\u00e9giale.<br \/>\nTous les d\u00e9tails dans la suite &#8230;\n<\/div>\n<div align=\"center\">\n<table bgcolor =\"FFF6F6\" border=0>\n<tbody>\n<tr>\n<td width=300><font color=\"00B0F0\"><\/p>\n<div align=\"center\"><img decoding=\"async\" src=\"\/IMG\/personnes\/yves.jpg\" width=160><br \/><i>Saint Yves<\/i>\n<\/div>\n<p><\/font><\/td>\n<td width=500><font color=\"00B0F0\"><\/p>\n<div align=\"left\">\n<b>Lundi 15 mai<\/b><br \/>\n14 h 30 &#8211; R\u00e9union de l&rsquo;Equipe du Rosaire au presbyt\u00e8re.<\/p>\n<p><b>Mardi 16 mai<\/b><br \/>\n<i>Saint Honor\u00e9<\/i><br \/>\n9 h &#8211; Messe \u00e0 Cr\u00e9cy .<\/p>\n<p><b>Jeudi 18 mai<\/b><br \/>\n10 h 30  Messe de l&rsquo;Ascension \u00e0 la Coll\u00e9giale.<\/p>\n<p><b>Vendredi 19 mai<\/b><br \/>\n<i>Saint Yves<\/i><br \/>\n18 h  Messe \u00e0 Cr\u00e9cy et adoration de St Sacrement.\n<\/div>\n<\/td>\n<\/tr>\n<\/tbody>\n<\/table>\n<table bgcolor =\"FFF0F0\" border=0>\n<tbody>\n<tr>\n<td width=500><font color=\"00D060\"><\/p>\n<div align=\"left\">\n<b>Samedi 20 mai<\/b><br \/>\n<i>Saint Bernardin et Saint Rita<\/i><br \/>\n9 h 30 &#8211; Chapelet \u00e0 Cr\u00e9cy.<br \/>\n18 h 30 &#8211; Messe \u00e0 Voulangis et bapt\u00eame de Nolan MAGDELAIN.<\/p>\n<p><b>Dimanche 21 mai<\/b><br \/>\n<i>Saint Constantin<\/i><br \/>\n10 h 30  Messe \u00e0 la coll\u00e9giale et bapt\u00eame de Valentin KAMP et de PIerre DECAP.\n<\/div>\n<\/td>\n<td width=300><font color=\"00D060\"><\/p>\n<div align=\"center\"><img decoding=\"async\" src=\"\/IMG\/personnes\/constantin.jpg\" width=160><br \/><i>Saint Constantin<\/i>\n<\/div>\n<p><\/font><\/td>\n<\/tr>\n<\/tbody>\n<\/table>\n<\/div>\n","protected":false},"excerpt":{"rendered":"<p>Voici les annonces de la p\u00e9riode du lundi 15 au dimanche 21 mai 2023 pour la paroisse des 3 clochers Cr\u00e9cy-la-Chapelle, Villiers-sur-Morin, Voulangis. Jeudi 18 mai 18h30 &#8211; Messe de l&rsquo;Ascension la Coll\u00e9giale. Samedi&#46;&#46;&#46;<\/p>\n","protected":false},"author":2,"featured_media":0,"comment_status":"open","ping_status":"open","sticky":false,"template":"","format":"standard","meta":{"footnotes":""},"categories":[],"tags":[],"class_list":["post-1457","post","type-post","status-publish","format-standard","hentry"],"_links":{"self":[{"href":"http:\/\/www.chapelle-crecy.com\/index.php?rest_route=\/wp\/v2\/posts\/1457","targetHints":{"allow":["GET"]}}],"collection":[{"href":"http:\/\/www.chapelle-crecy.com\/index.php?rest_route=\/wp\/v2\/posts"}],"about":[{"href":"http:\/\/www.chapelle-crecy.com\/index.php?rest_route=\/wp\/v2\/types\/post"}],"author":[{"embeddable":true,"href":"http:\/\/www.chapelle-crecy.com\/index.php?rest_route=\/wp\/v2\/users\/2"}],"replies":[{"embeddable":true,"href":"http:\/\/www.chapelle-crecy.com\/index.php?rest_route=%2Fwp%2Fv2%2Fcomments&post=1457"}],"version-history":[{"count":0,"href":"http:\/\/www.chapelle-crecy.com\/index.php?rest_route=\/wp\/v2\/posts\/1457\/revisions"}],"wp:attachment":[{"href":"http:\/\/www.chapelle-crecy.com\/index.php?rest_route=%2Fwp%2Fv2%2Fmedia&parent=1457"}],"wp:term":[{"taxonomy":"category","embeddable":true,"href":"http:\/\/www.chapelle-crecy.com\/index.php?rest_route=%2Fwp%2Fv2%2Fcategories&post=1457"},{"taxonomy":"post_tag","embeddable":true,"href":"http:\/\/www.chapelle-crecy.com\/index.php?rest_route=%2Fwp%2Fv2%2Ftags&post=1457"}],"curies":[{"name":"wp","href":"https:\/\/api.w.org\/{rel}","templated":true}]}}