{"id":1458,"date":"2023-05-21T09:06:01","date_gmt":"2023-05-21T09:06:01","guid":{"rendered":""},"modified":"-0001-11-30T00:00:00","modified_gmt":"-0001-11-29T22:00:00","slug":"","status":"publish","type":"post","link":"http:\/\/www.chapelle-crecy.com\/?p=1458","title":{"rendered":"Annonces du 22 au 28 mai 2023"},"content":{"rendered":"<div align=\"justify\">Voici les annonces de la p\u00e9riode du lundi 22 au dimanche 28 mai 2023 pour la paroisse des 3 clochers Cr\u00e9cy-la-Chapelle, Villiers-sur-Morin, Voulangis. <\/p>\n<p>Samedi 27 mai 18h30 &#8211; Messe \u00e0\u00a0 Voulangis.<br \/>\nDimanche 28 mai, 10h30 &#8211; Messe \u00e0\u00a0  la Coll\u00e9giale.<br \/>\nTous les d\u00e9tails dans la suite &#8230;\n<\/div>\n<div align=\"center\">\n<table bgcolor =\"FFF6F6\" border=0>\n<tbody>\n<tr>\n<td width=300><font color=\"00B0F0\"><\/p>\n<div align=\"center\"><img decoding=\"async\" src=\"\/IMG\/personnes\/marie_madeleine.jpg\" width=160><br \/><i>Sainte Marie-Madeleine<\/i>\n<\/div>\n<p><\/font><\/td>\n<td width=500><font color=\"00B0F0\"><\/p>\n<div align=\"left\">\n<b>Mardi 23 mai<\/b><br \/>\n9 h &#8211; Messe \u00e0 Cr\u00e9cy .<\/p>\n<p><b>Mercredi 24 mai<\/b><br \/>\n10 h 30 &#8211; Obs\u00e8ques \u00e0 Voulangis de Marie COLLINET.<\/p>\n<p><b>Jeudi 18 mai<\/b><br \/>\n<i>Sainte Marie-Madeleine<\/i><br \/>9 h  Messe \u00e0 Cr\u00e9cy.<\/p>\n<p><b>Vendredi 26 mai<\/b><br \/>\n<i>Saint Philippe N\u00e9ri<\/i><br \/>\n18 h  Messe \u00e0 Cr\u00e9cy et adoration de St Sacrement.\n<\/div>\n<\/td>\n<\/tr>\n<\/tbody>\n<\/table>\n<table bgcolor =\"FFF0F0\" border=0>\n<tbody>\n<tr>\n<td width=500><font color=\"00D060\"><\/p>\n<div align=\"left\">\n<b>Samedi 27 mai<\/b><br \/>\n<i>Augustin de Canterbury<\/i><br \/>\n9 h 30 &#8211; Chapelet \u00e0 Cr\u00e9cy.<br \/>\n18 h 30 &#8211; Messe \u00e0 Voulangis.<\/p>\n<p><b>Dimanche 28 mai<\/b><br \/>\n<i>C\u00e9l\u00e9bration de la PENTECOTE<\/i><br \/>\n10 h 30  Messe \u00e0 la coll\u00e9giale pour R\u00e9gine MEUNIER et Pierre BOYER. Nous prierons aussi pour Marie COLLINET inhum\u00e9e cette semaine.<br \/>\n11 h 30 &#8211; \u00e0 la Coll\u00e9giale, bapt\u00eame de L\u00e9andro MARTIN, Rose MENDES, Liam et Livio ESTEVES.\n<\/div>\n<\/td>\n<td width=300><font color=\"00D060\"><\/p>\n<div align=\"center\"><img decoding=\"async\" src=\"\/IMG\/personnes\/augustin.jpg\" width=160><br \/><i>Saint Augustin<\/i>\n<\/div>\n<p><\/font><\/td>\n<\/tr>\n<\/tbody>\n<\/table>\n<\/div>\n","protected":false},"excerpt":{"rendered":"<p>Voici les annonces de la p\u00e9riode du lundi 22 au dimanche 28 mai 2023 pour la paroisse des 3 clochers Cr\u00e9cy-la-Chapelle, Villiers-sur-Morin, Voulangis. Samedi 27 mai 18h30 &#8211; Messe \u00e0\u00a0 Voulangis. Dimanche 28 mai,&#46;&#46;&#46;<\/p>\n","protected":false},"author":2,"featured_media":0,"comment_status":"open","ping_status":"open","sticky":false,"template":"","format":"standard","meta":{"footnotes":""},"categories":[],"tags":[],"class_list":["post-1458","post","type-post","status-publish","format-standard","hentry"],"_links":{"self":[{"href":"http:\/\/www.chapelle-crecy.com\/index.php?rest_route=\/wp\/v2\/posts\/1458","targetHints":{"allow":["GET"]}}],"collection":[{"href":"http:\/\/www.chapelle-crecy.com\/index.php?rest_route=\/wp\/v2\/posts"}],"about":[{"href":"http:\/\/www.chapelle-crecy.com\/index.php?rest_route=\/wp\/v2\/types\/post"}],"author":[{"embeddable":true,"href":"http:\/\/www.chapelle-crecy.com\/index.php?rest_route=\/wp\/v2\/users\/2"}],"replies":[{"embeddable":true,"href":"http:\/\/www.chapelle-crecy.com\/index.php?rest_route=%2Fwp%2Fv2%2Fcomments&post=1458"}],"version-history":[{"count":0,"href":"http:\/\/www.chapelle-crecy.com\/index.php?rest_route=\/wp\/v2\/posts\/1458\/revisions"}],"wp:attachment":[{"href":"http:\/\/www.chapelle-crecy.com\/index.php?rest_route=%2Fwp%2Fv2%2Fmedia&parent=1458"}],"wp:term":[{"taxonomy":"category","embeddable":true,"href":"http:\/\/www.chapelle-crecy.com\/index.php?rest_route=%2Fwp%2Fv2%2Fcategories&post=1458"},{"taxonomy":"post_tag","embeddable":true,"href":"http:\/\/www.chapelle-crecy.com\/index.php?rest_route=%2Fwp%2Fv2%2Ftags&post=1458"}],"curies":[{"name":"wp","href":"https:\/\/api.w.org\/{rel}","templated":true}]}}