{"id":1459,"date":"2023-05-27T14:30:30","date_gmt":"2023-05-27T14:30:30","guid":{"rendered":""},"modified":"-0001-11-30T00:00:00","modified_gmt":"-0001-11-29T22:00:00","slug":"","status":"publish","type":"post","link":"http:\/\/www.chapelle-crecy.com\/?p=1459","title":{"rendered":"Annonces du 29 mai au 4 juin 2023"},"content":{"rendered":"<div align=\"justify\">Voici les annonces de la p\u00e9riode du lundi 29 mai au dimanche 4 juin 2023 pour la paroisse des 3 clochers Cr\u00e9cy-la-Chapelle, Villiers-sur-Morin, Voulangis. <\/p>\n<p>Samedi 3 juin 18h30 &#8211; Messe \u00e0\u00a0 Voulangis.<br \/>\nDimanche 4 juin, 10h30 &#8211; Messe \u00e0\u00a0  la Coll\u00e9giale.<br \/>\nTous les d\u00e9tails dans la suite &#8230;\n<\/div>\n<div align=\"center\">\n<table bgcolor =\"FFF6F6\" border=0>\n<tbody>\n<tr>\n<td width=300><font color=\"00B0F0\"><\/p>\n<div align=\"center\"><img decoding=\"async\" src=\"\/IMG\/personnes\/blandine.jpg\" width=160><br \/><i>Sainte Blandine<\/i>\n<\/div>\n<p><\/font><\/td>\n<td width=500><font color=\"00B0F0\"><\/p>\n<div align=\"left\">\n<b>Mardi 30 mai<\/b><br \/>\n<i>Sainte Jeanne d&rsquo;Arc<\/i><br \/>\n9 h &#8211; Messe \u00e0 Cr\u00e9cy .<\/p>\n<p><b>Jeudi 1er juin<\/b><br \/>\n9 h  Messe \u00e0 Cr\u00e9cy.<\/p>\n<p><b>Vendredi 2 juin<\/b><br \/>\n<i>Sainte Blandine<\/i><br \/>\n10 h &#8211; Obs\u00e8ques \u00e0 Voulangis de Maryvonne VALENTINI.<br \/>\n14 h 30 &#8211; Obs\u00e8ques de Cr\u00e9cy d&rsquo;Arlette SERBELLE.<br \/>\n18 h  Messe \u00e0 Cr\u00e9cy et adoration de St Sacrement.\n<\/div>\n<\/td>\n<\/tr>\n<\/tbody>\n<\/table>\n<table bgcolor =\"FFF0F0\" border=0>\n<tbody>\n<tr>\n<td width=500><font color=\"00D060\"><\/p>\n<div align=\"left\">\n<b>Samedi 3 juin<\/b><br \/>\n9 h 30 &#8211; Chapelet \u00e0 Cr\u00e9cy.<br \/>\n16 h &#8211; Mariage \u00e0 l&rsquo;\u00e9glise Saint-Georges de Pierre MOREL et Caroline GIRAUD.<br \/>\n18 h 30 &#8211; Messe \u00e0 Voulangis.<\/p>\n<p><b>Dimanche 4 juin<\/b><br \/>\n<i>Sainte TRINITE<\/i><br \/>\n10 h 30  Messe \u00e0 la coll\u00e9giale.<br \/>\nProfession de Foi.<br \/>\nNous prierons aussi pour Maryvonne VALENTINI et Arlette SERBELLE Inhum\u00e9es cette semaine.\n<\/div>\n<\/td>\n<td width=300><font color=\"00D060\"><\/p>\n<div align=\"center\"><img decoding=\"async\" src=\"\/IMG\/personnes\/trinite.jpg\" width=160><br \/><i>Sainte Trinit\u00e9<\/i>\n<\/div>\n<p><\/font><\/td>\n<\/tr>\n<\/tbody>\n<\/table>\n<\/div>\n","protected":false},"excerpt":{"rendered":"<p>Voici les annonces de la p\u00e9riode du lundi 29 mai au dimanche 4 juin 2023 pour la paroisse des 3 clochers Cr\u00e9cy-la-Chapelle, Villiers-sur-Morin, Voulangis. Samedi 3 juin 18h30 &#8211; Messe \u00e0\u00a0 Voulangis. Dimanche 4&#46;&#46;&#46;<\/p>\n","protected":false},"author":2,"featured_media":0,"comment_status":"open","ping_status":"open","sticky":false,"template":"","format":"standard","meta":{"footnotes":""},"categories":[],"tags":[],"class_list":["post-1459","post","type-post","status-publish","format-standard","hentry"],"_links":{"self":[{"href":"http:\/\/www.chapelle-crecy.com\/index.php?rest_route=\/wp\/v2\/posts\/1459","targetHints":{"allow":["GET"]}}],"collection":[{"href":"http:\/\/www.chapelle-crecy.com\/index.php?rest_route=\/wp\/v2\/posts"}],"about":[{"href":"http:\/\/www.chapelle-crecy.com\/index.php?rest_route=\/wp\/v2\/types\/post"}],"author":[{"embeddable":true,"href":"http:\/\/www.chapelle-crecy.com\/index.php?rest_route=\/wp\/v2\/users\/2"}],"replies":[{"embeddable":true,"href":"http:\/\/www.chapelle-crecy.com\/index.php?rest_route=%2Fwp%2Fv2%2Fcomments&post=1459"}],"version-history":[{"count":0,"href":"http:\/\/www.chapelle-crecy.com\/index.php?rest_route=\/wp\/v2\/posts\/1459\/revisions"}],"wp:attachment":[{"href":"http:\/\/www.chapelle-crecy.com\/index.php?rest_route=%2Fwp%2Fv2%2Fmedia&parent=1459"}],"wp:term":[{"taxonomy":"category","embeddable":true,"href":"http:\/\/www.chapelle-crecy.com\/index.php?rest_route=%2Fwp%2Fv2%2Fcategories&post=1459"},{"taxonomy":"post_tag","embeddable":true,"href":"http:\/\/www.chapelle-crecy.com\/index.php?rest_route=%2Fwp%2Fv2%2Ftags&post=1459"}],"curies":[{"name":"wp","href":"https:\/\/api.w.org\/{rel}","templated":true}]}}