{"id":146,"date":"2009-10-25T21:14:08","date_gmt":"2009-10-25T21:14:08","guid":{"rendered":""},"modified":"-0001-11-30T00:00:00","modified_gmt":"-0001-11-29T22:00:00","slug":"","status":"publish","type":"post","link":"http:\/\/www.chapelle-crecy.com\/?p=146","title":{"rendered":"Annonces de la semaine du 20 au 26 juillet 2009"},"content":{"rendered":"<table bgcolor =\"F0FAFF\" border=0>\n<tbody>\n<tr>\n<td>\n<div align=\"justify\">\n<div \"58\">Voici les annonces de la semaine du lundi 20 au 26 juillet 2009  pour la paroisse des 3 clochers Cr\u00e9cy-la-Chapelle, Villiers-sur-Morin, Voulangis.<\/div>\n<\/div>\n<\/td>\n<\/tr>\n<\/tbody>\n<\/table>\n<p>Lundi 20 juillet : \u00e0 10h30 : \u00e0 Cr\u00e9cy, Obs\u00e8ques de Mme Anne COUVRI<\/p>\n<p>Samedi 25 juillet : \u00e0 13h \u00e0 Villiers,  Bapt\u00eame d&rsquo;Ang\u00e8le YOU <\/p>\n<p>Dimanche 26 juillet : \u00e0 9 heures \u00e0 Cr\u00e9cy, messe pour Mme LELARD<\/p>\n<p> A 11h30, \u00e0 Cr\u00e9cy, Bapt\u00eame de Maxence MATHIAUX<\/p>\n<p>Rappel:<\/p>\n<p>Il n&rsquo;y aura pas de Messe en semaine.<br \/>\nDurant le mois de Juillet, seule la messe dominicale sera c\u00e9l\u00e9br\u00e9e dans<br \/>\nla paroisse. Elle aura lieu en l&rsquo;\u00e9glise St Georges de Cr\u00e9cy \u00e0 9 heures.<\/p>\n<p>Tr\u00e8s bel \u00e9t\u00e9 \u00e0 vous tous.<\/p>\n","protected":false},"excerpt":{"rendered":"<p>Voici les annonces de la semaine du lundi 20 au 26 juillet 2009 pour la paroisse des 3 clochers Cr\u00e9cy-la-Chapelle, Villiers-sur-Morin, Voulangis. Lundi 20 juillet : \u00e0 10h30 : \u00e0 Cr\u00e9cy, Obs\u00e8ques de Mme&#46;&#46;&#46;<\/p>\n","protected":false},"author":2,"featured_media":0,"comment_status":"open","ping_status":"open","sticky":false,"template":"","format":"standard","meta":{"footnotes":""},"categories":[],"tags":[],"class_list":["post-146","post","type-post","status-publish","format-standard","hentry"],"_links":{"self":[{"href":"http:\/\/www.chapelle-crecy.com\/index.php?rest_route=\/wp\/v2\/posts\/146","targetHints":{"allow":["GET"]}}],"collection":[{"href":"http:\/\/www.chapelle-crecy.com\/index.php?rest_route=\/wp\/v2\/posts"}],"about":[{"href":"http:\/\/www.chapelle-crecy.com\/index.php?rest_route=\/wp\/v2\/types\/post"}],"author":[{"embeddable":true,"href":"http:\/\/www.chapelle-crecy.com\/index.php?rest_route=\/wp\/v2\/users\/2"}],"replies":[{"embeddable":true,"href":"http:\/\/www.chapelle-crecy.com\/index.php?rest_route=%2Fwp%2Fv2%2Fcomments&post=146"}],"version-history":[{"count":0,"href":"http:\/\/www.chapelle-crecy.com\/index.php?rest_route=\/wp\/v2\/posts\/146\/revisions"}],"wp:attachment":[{"href":"http:\/\/www.chapelle-crecy.com\/index.php?rest_route=%2Fwp%2Fv2%2Fmedia&parent=146"}],"wp:term":[{"taxonomy":"category","embeddable":true,"href":"http:\/\/www.chapelle-crecy.com\/index.php?rest_route=%2Fwp%2Fv2%2Fcategories&post=146"},{"taxonomy":"post_tag","embeddable":true,"href":"http:\/\/www.chapelle-crecy.com\/index.php?rest_route=%2Fwp%2Fv2%2Ftags&post=146"}],"curies":[{"name":"wp","href":"https:\/\/api.w.org\/{rel}","templated":true}]}}