{"id":1461,"date":"2023-06-10T13:11:45","date_gmt":"2023-06-10T13:11:45","guid":{"rendered":""},"modified":"-0001-11-30T00:00:00","modified_gmt":"-0001-11-29T22:00:00","slug":"","status":"publish","type":"post","link":"http:\/\/www.chapelle-crecy.com\/?p=1461","title":{"rendered":"Annonces du 12 au 18 juin 2023"},"content":{"rendered":"<div align=\"justify\">Voici les annonces de la p\u00e9riode du lundi 12 au dimanche 18 juin 2023 pour la paroisse des 3 clochers Cr\u00e9cy-la-Chapelle, Villiers-sur-Morin, Voulangis. <\/p>\n<p>Samedi 17 juin 18h30 &#8211; Messe \u00e0\u00a0 Voulangis.<br \/>\nDimanche 18 juin, 10h30 &#8211; Messe \u00e0\u00a0  la Coll\u00e9giale.<br \/>\nTous les d\u00e9tails dans la suite &#8230;\n<\/div>\n<div align=\"center\">\n<table bgcolor =\"FFF6F6\" border=0>\n<tbody>\n<tr>\n<td width=300><font color=\"00B0F0\"><\/p>\n<div align=\"center\"><img decoding=\"async\" src=\"\/IMG\/personnes\/antoine.jpg\" width=160><br \/><i>Saint Antoine de Padoue<\/i>\n<\/div>\n<p><\/font><\/td>\n<td width=500><font color=\"00B0F0\"><\/p>\n<div align=\"left\">\n<b>Mardi 13 juin<\/b><br \/>\n<i> Saint Antoine de Padoue<\/i><br \/>\n9 h &#8211; Messe \u00e0 Cr\u00e9cy.<br \/>\n20 h &#8211; R\u00e9union de l&rsquo;EAP.<\/p>\n<p><b>Jeudi 15 juin<\/b><br \/>\n9 h  Messe \u00e0 Cr\u00e9cy.<br \/>\n20 h 30 &#8211; R\u00e9union du groupe de pri\u00e8re.\n<\/div>\n<\/td>\n<\/tr>\n<\/tbody>\n<\/table>\n<table bgcolor =\"FFF0F0\" border=0>\n<tbody>\n<tr>\n<td width=500><font color=\"00D060\"><\/p>\n<div align=\"left\">\n<b>Samedi 17 juin<\/b><br \/>\n<i>Saint Herv\u00e9<\/i><br \/>\n9 h 30 &#8211; Chapelet \u00e0 Cr\u00e9cy.<br \/>\n14 h &#8211; Mariage de Xavier NGNUYEN et Margot TEDGA.<br \/>\n16 h &#8211; Mariage \u00e0 la Coll\u00e9giale de Romain PAGE et Charl\u00e8ne BALANGE.<br \/>\n18 h 30 &#8211; Messe \u00e0 Voulangis pour Jacques BACOUP.<\/p>\n<p><b>Dimanche 18 juin<\/b><br \/>\n10 h 30  \u00e0 la Coll\u00e9giale, Messe d&rsquo;action de gr\u00e2ce pour Danielle RODIN-GAMOT.\n<\/div>\n<\/td>\n<td width=300><font color=\"00D060\"><\/p>\n<div align=\"center\"><img decoding=\"async\" src=\"\/IMG\/personnes\/herve.jpg\" width=160><br \/><i>Saint Herv\u00e9<\/i>\n<\/div>\n<p><\/font><\/td>\n<\/tr>\n<\/tbody>\n<\/table>\n<\/div>\n","protected":false},"excerpt":{"rendered":"<p>Voici les annonces de la p\u00e9riode du lundi 12 au dimanche 18 juin 2023 pour la paroisse des 3 clochers Cr\u00e9cy-la-Chapelle, Villiers-sur-Morin, Voulangis. Samedi 17 juin 18h30 &#8211; Messe \u00e0\u00a0 Voulangis. Dimanche 18 juin,&#46;&#46;&#46;<\/p>\n","protected":false},"author":2,"featured_media":0,"comment_status":"open","ping_status":"open","sticky":false,"template":"","format":"standard","meta":{"footnotes":""},"categories":[],"tags":[],"class_list":["post-1461","post","type-post","status-publish","format-standard","hentry"],"_links":{"self":[{"href":"http:\/\/www.chapelle-crecy.com\/index.php?rest_route=\/wp\/v2\/posts\/1461","targetHints":{"allow":["GET"]}}],"collection":[{"href":"http:\/\/www.chapelle-crecy.com\/index.php?rest_route=\/wp\/v2\/posts"}],"about":[{"href":"http:\/\/www.chapelle-crecy.com\/index.php?rest_route=\/wp\/v2\/types\/post"}],"author":[{"embeddable":true,"href":"http:\/\/www.chapelle-crecy.com\/index.php?rest_route=\/wp\/v2\/users\/2"}],"replies":[{"embeddable":true,"href":"http:\/\/www.chapelle-crecy.com\/index.php?rest_route=%2Fwp%2Fv2%2Fcomments&post=1461"}],"version-history":[{"count":0,"href":"http:\/\/www.chapelle-crecy.com\/index.php?rest_route=\/wp\/v2\/posts\/1461\/revisions"}],"wp:attachment":[{"href":"http:\/\/www.chapelle-crecy.com\/index.php?rest_route=%2Fwp%2Fv2%2Fmedia&parent=1461"}],"wp:term":[{"taxonomy":"category","embeddable":true,"href":"http:\/\/www.chapelle-crecy.com\/index.php?rest_route=%2Fwp%2Fv2%2Fcategories&post=1461"},{"taxonomy":"post_tag","embeddable":true,"href":"http:\/\/www.chapelle-crecy.com\/index.php?rest_route=%2Fwp%2Fv2%2Ftags&post=1461"}],"curies":[{"name":"wp","href":"https:\/\/api.w.org\/{rel}","templated":true}]}}