{"id":1463,"date":"2023-06-16T16:40:55","date_gmt":"2023-06-16T16:40:55","guid":{"rendered":""},"modified":"-0001-11-30T00:00:00","modified_gmt":"-0001-11-29T22:00:00","slug":"","status":"publish","type":"post","link":"http:\/\/www.chapelle-crecy.com\/?p=1463","title":{"rendered":"L&rsquo;\u00e9v\u00e8nement: Nuit des \u00e9glises 2023"},"content":{"rendered":"<div align=justify>Chers paroissiens, cher visiteurs, chers amis,<br \/>\nLa nuit des \u00e9glises aura lieu dans notre paroisse de Cr\u00e9cy, le vendredi 23 juin 2023 de 18h30 \u00e0\u00a0 23h, en la Coll\u00e9giale Notre-Dame de l&rsquo;Assomption.<br \/>\nVoici le beau programme qui vous est r\u00e9serv\u00e9:<br \/>\nDurant cette soir\u00e9e, un r\u00e9cital d&rsquo;orgue introduira une s\u00e9rie de 5 mini-conf\u00e9rences portant respectivement sur :<br \/>\n1- La pastorale du secteur paroissial<br \/>\n2- Restauration d&rsquo;une \u00e9glise class\u00e9e<br \/>\n3- Une statue: Jeanne d&rsquo;Arc<br \/>\n4- La Coll\u00e9giale en images<br \/>\n5- Le gothique et les vitraux<\/p>\n<p>Pendant ce temps, il vous sera aussi possible de d\u00e9ambuler librement dans la coll\u00e9giale librement ou de la visiter avec l&rsquo;aide d&rsquo;un guide b\u00e9n\u00e9vole.<\/p>\n<p>Nous vous attendons !<\/p><\/div>\n<div align=\"center\"><img decoding=\"async\" src=\"\/IMG\/arton1477.jpg\"><\/div>\n","protected":false},"excerpt":{"rendered":"<p>Chers paroissiens, cher visiteurs, chers amis, La nuit des \u00e9glises aura lieu dans notre paroisse de Cr\u00e9cy, le vendredi 23 juin 2023 de 18h30 \u00e0\u00a0 23h, en la Coll\u00e9giale Notre-Dame de l&rsquo;Assomption. Voici le&#46;&#46;&#46;<\/p>\n","protected":false},"author":2,"featured_media":0,"comment_status":"open","ping_status":"open","sticky":false,"template":"","format":"standard","meta":{"footnotes":""},"categories":[],"tags":[],"class_list":["post-1463","post","type-post","status-publish","format-standard","hentry"],"_links":{"self":[{"href":"http:\/\/www.chapelle-crecy.com\/index.php?rest_route=\/wp\/v2\/posts\/1463","targetHints":{"allow":["GET"]}}],"collection":[{"href":"http:\/\/www.chapelle-crecy.com\/index.php?rest_route=\/wp\/v2\/posts"}],"about":[{"href":"http:\/\/www.chapelle-crecy.com\/index.php?rest_route=\/wp\/v2\/types\/post"}],"author":[{"embeddable":true,"href":"http:\/\/www.chapelle-crecy.com\/index.php?rest_route=\/wp\/v2\/users\/2"}],"replies":[{"embeddable":true,"href":"http:\/\/www.chapelle-crecy.com\/index.php?rest_route=%2Fwp%2Fv2%2Fcomments&post=1463"}],"version-history":[{"count":0,"href":"http:\/\/www.chapelle-crecy.com\/index.php?rest_route=\/wp\/v2\/posts\/1463\/revisions"}],"wp:attachment":[{"href":"http:\/\/www.chapelle-crecy.com\/index.php?rest_route=%2Fwp%2Fv2%2Fmedia&parent=1463"}],"wp:term":[{"taxonomy":"category","embeddable":true,"href":"http:\/\/www.chapelle-crecy.com\/index.php?rest_route=%2Fwp%2Fv2%2Fcategories&post=1463"},{"taxonomy":"post_tag","embeddable":true,"href":"http:\/\/www.chapelle-crecy.com\/index.php?rest_route=%2Fwp%2Fv2%2Ftags&post=1463"}],"curies":[{"name":"wp","href":"https:\/\/api.w.org\/{rel}","templated":true}]}}