{"id":1464,"date":"2023-06-24T18:55:07","date_gmt":"2023-06-24T18:55:07","guid":{"rendered":""},"modified":"-0001-11-30T00:00:00","modified_gmt":"-0001-11-29T22:00:00","slug":"","status":"publish","type":"post","link":"http:\/\/www.chapelle-crecy.com\/?p=1464","title":{"rendered":"Annonces du 26 juin au 2 juillet 2023"},"content":{"rendered":"<div align=\"justify\">Voici les annonces de la p\u00e9riode du lundi 26 juin au dimanche 2 juillet 2023 pour la paroisse des 3 clochers Cr\u00e9cy-la-Chapelle, Villiers-sur-Morin, Voulangis. <\/p>\n<p>Samedi 1er juillet 18h30 &#8211; Messe \u00e0\u00a0 Cr\u00e9cy.<br \/>\nDimanche 2 juillet, 10h30 &#8211; Messe \u00e0\u00a0  Cr\u00e9cy.<br \/>\nTous les d\u00e9tails dans la suite &#8230;\n<\/div>\n<div align=\"center\">\n<table bgcolor =\"FFF6F6\" border=0>\n<tbody>\n<tr>\n<td width=300><font color=\"00B0F0\"><\/p>\n<div align=\"center\"><img decoding=\"async\" src=\"\/IMG\/personnes\/martial.jpg\" width=160><br \/><i>Saint Martial<\/i>\n<\/div>\n<p><\/font><\/td>\n<td width=500><font color=\"00B0F0\"><\/p>\n<div align=\"left\">\n<b>Lundi 26 juin<\/b><br \/>\n13 h 30 &#8211; Obs\u00e8ques \u00e0 Saint-Georges de Pierre ROESER.<\/p>\n<p><b>Mardi 27 juin<\/b><br \/>\n9 h &#8211; Messe \u00e0 Cr\u00e9cy.<\/p>\n<p><b>Jeudi 29 juin<\/b><br \/>\n9 h  Messe \u00e0 Cr\u00e9cy pour Pierre BEAUMONT.<br \/>\n15 h &#8211; Obs\u00e8ques \u00e0 Cr\u00e9cy de Micheline VIGNOT.<\/p>\n<p><b>Vendredi 30 juin<\/b><br \/>\n<i>Saint Martial<\/i><br \/>\n18 h &#8211; Messe \u00e0 Cr\u00e9cy suivie de l&rsquo;adoration du Saint-Sacrement.\n<\/div>\n<\/td>\n<\/tr>\n<\/tbody>\n<\/table>\n<table bgcolor =\"FFF0F0\" border=0>\n<tbody>\n<tr>\n<td width=500><font color=\"00D060\"><\/p>\n<div align=\"left\">\n<b>Samedi 1er juillet<\/b><br \/>\n9 h 30 &#8211; Chapelet \u00e0 Cr\u00e9cy.<br \/>\n18 h 30 &#8211; Messe \u00e0 Cr\u00e9cy pour la famille RONDEL suivi du barbecue paroissial.<\/p>\n<p><b>Dimanche 2 juillet<\/b><br \/>\n<i>Saint Martinien<\/i><br \/>\n10 h 30  Messe \u00e0 Cr\u00e9cy pour Jaques BACOUP. Nous prierons \u00e9galement pour Pierre ROESER et Micheline VIGNOT inhum\u00e9s cette semaine.<\/p>\n<p>Les messes de juillet et ao\u00fbt seront c\u00e9l\u00e9br\u00e9es le dimanche \u00e0 l&rsquo;\u00e9glise Saint-Georges (sauf le 15 aout \u00e0 la Coll\u00e9giale).\n<\/p><\/div>\n<\/td>\n<td width=300><font color=\"00D060\"><\/p>\n<div align=\"center\"><img decoding=\"async\" src=\"\/IMG\/personnes\/martinien.jpg\" width=160><br \/><i>Saint Martinien<\/i>\n<\/div>\n<p><\/font><\/td>\n<\/tr>\n<\/tbody>\n<\/table>\n<\/div>\n","protected":false},"excerpt":{"rendered":"<p>Voici les annonces de la p\u00e9riode du lundi 26 juin au dimanche 2 juillet 2023 pour la paroisse des 3 clochers Cr\u00e9cy-la-Chapelle, Villiers-sur-Morin, Voulangis. Samedi 1er juillet 18h30 &#8211; Messe \u00e0\u00a0 Cr\u00e9cy. Dimanche 2&#46;&#46;&#46;<\/p>\n","protected":false},"author":2,"featured_media":0,"comment_status":"open","ping_status":"open","sticky":false,"template":"","format":"standard","meta":{"footnotes":""},"categories":[],"tags":[],"class_list":["post-1464","post","type-post","status-publish","format-standard","hentry"],"_links":{"self":[{"href":"http:\/\/www.chapelle-crecy.com\/index.php?rest_route=\/wp\/v2\/posts\/1464","targetHints":{"allow":["GET"]}}],"collection":[{"href":"http:\/\/www.chapelle-crecy.com\/index.php?rest_route=\/wp\/v2\/posts"}],"about":[{"href":"http:\/\/www.chapelle-crecy.com\/index.php?rest_route=\/wp\/v2\/types\/post"}],"author":[{"embeddable":true,"href":"http:\/\/www.chapelle-crecy.com\/index.php?rest_route=\/wp\/v2\/users\/2"}],"replies":[{"embeddable":true,"href":"http:\/\/www.chapelle-crecy.com\/index.php?rest_route=%2Fwp%2Fv2%2Fcomments&post=1464"}],"version-history":[{"count":0,"href":"http:\/\/www.chapelle-crecy.com\/index.php?rest_route=\/wp\/v2\/posts\/1464\/revisions"}],"wp:attachment":[{"href":"http:\/\/www.chapelle-crecy.com\/index.php?rest_route=%2Fwp%2Fv2%2Fmedia&parent=1464"}],"wp:term":[{"taxonomy":"category","embeddable":true,"href":"http:\/\/www.chapelle-crecy.com\/index.php?rest_route=%2Fwp%2Fv2%2Fcategories&post=1464"},{"taxonomy":"post_tag","embeddable":true,"href":"http:\/\/www.chapelle-crecy.com\/index.php?rest_route=%2Fwp%2Fv2%2Ftags&post=1464"}],"curies":[{"name":"wp","href":"https:\/\/api.w.org\/{rel}","templated":true}]}}