{"id":1466,"date":"2023-07-08T08:58:28","date_gmt":"2023-07-08T08:58:28","guid":{"rendered":""},"modified":"-0001-11-30T00:00:00","modified_gmt":"-0001-11-29T22:00:00","slug":"","status":"publish","type":"post","link":"http:\/\/www.chapelle-crecy.com\/?p=1466","title":{"rendered":"Annonces du 10 au 16 juillet 2023"},"content":{"rendered":"<div align=\"justify\">Voici les annonces de la p\u00e9riode du lundi 10 au dimanche 16 juillet 2023 pour la paroisse des 3 clochers Cr\u00e9cy-la-Chapelle, Villiers-sur-Morin, Voulangis. <\/p>\n<p>Dimanche 16 juillet, 10h30 &#8211; Messe \u00e0\u00a0  Cr\u00e9cy.<br \/>\nTous les d\u00e9tails dans la suite &#8230;\n<\/div>\n<div align=\"center\">\n<table bgcolor =\"FFF6F6\" border=0>\n<tbody>\n<tr>\n<td width=300><font color=\"00B0F0\"><\/p>\n<div align=\"center\"><img decoding=\"async\" src=\"\/IMG\/personnes\/benoit.jpg\" width=160><br \/><i>Saint Benoit<\/i>\n<\/div>\n<p><\/font><\/td>\n<td width=500><font color=\"00B0F0\"><\/p>\n<div align=\"left\">\n<b>Mardi 11 juillet<\/b><br \/>\n9 h &#8211; Messe \u00e0 Cr\u00e9cy.<\/p>\n<p><b>Jeudi 13 juillet<\/b><br \/>\n<i>Saint Benoit<\/i><br \/>\n9 h  Messe \u00e0 Cr\u00e9cy.<\/p>\n<p><b>Samedi 15 juillet<\/b><br \/>\n14 h &#8211; Mariage \u00e0 la coll\u00e9giale de Lukas FULDE et Margot HARDY.<br \/>\n16 h &#8211; Mariage \u00e0 la coll\u00e9giale de Florian HUET et Delphine GILLES.<br \/>\nBapt\u00eame de Roan HUET.<\/p>\n<p><b>Dimanche 16 juillet<\/b><br \/>\n10 h 30  Messe \u00e0 Cr\u00e9cy.<\/p>\n<\/div>\n<\/td>\n<\/tr>\n<\/tbody>\n<\/table>\n<table bgcolor =\"FFF6F6\" border=0>\n<tbody>\n<tr>\n<td ><font color=\"00B0F0\"><br \/>\nLes messes de juillet et ao\u00fbt seront c\u00e9l\u00e9br\u00e9es le dimanche \u00e0 l&rsquo;\u00e9glise Saint-Georges (sauf le 15 aout \u00e0 la Coll\u00e9giale).<\/td>\n<\/tr>\n<\/tbody>\n<\/table>\n<\/div>\n","protected":false},"excerpt":{"rendered":"<p>Voici les annonces de la p\u00e9riode du lundi 10 au dimanche 16 juillet 2023 pour la paroisse des 3 clochers Cr\u00e9cy-la-Chapelle, Villiers-sur-Morin, Voulangis. Dimanche 16 juillet, 10h30 &#8211; Messe \u00e0\u00a0 Cr\u00e9cy. Tous les d\u00e9tails&#46;&#46;&#46;<\/p>\n","protected":false},"author":2,"featured_media":0,"comment_status":"open","ping_status":"open","sticky":false,"template":"","format":"standard","meta":{"footnotes":""},"categories":[],"tags":[],"class_list":["post-1466","post","type-post","status-publish","format-standard","hentry"],"_links":{"self":[{"href":"http:\/\/www.chapelle-crecy.com\/index.php?rest_route=\/wp\/v2\/posts\/1466","targetHints":{"allow":["GET"]}}],"collection":[{"href":"http:\/\/www.chapelle-crecy.com\/index.php?rest_route=\/wp\/v2\/posts"}],"about":[{"href":"http:\/\/www.chapelle-crecy.com\/index.php?rest_route=\/wp\/v2\/types\/post"}],"author":[{"embeddable":true,"href":"http:\/\/www.chapelle-crecy.com\/index.php?rest_route=\/wp\/v2\/users\/2"}],"replies":[{"embeddable":true,"href":"http:\/\/www.chapelle-crecy.com\/index.php?rest_route=%2Fwp%2Fv2%2Fcomments&post=1466"}],"version-history":[{"count":0,"href":"http:\/\/www.chapelle-crecy.com\/index.php?rest_route=\/wp\/v2\/posts\/1466\/revisions"}],"wp:attachment":[{"href":"http:\/\/www.chapelle-crecy.com\/index.php?rest_route=%2Fwp%2Fv2%2Fmedia&parent=1466"}],"wp:term":[{"taxonomy":"category","embeddable":true,"href":"http:\/\/www.chapelle-crecy.com\/index.php?rest_route=%2Fwp%2Fv2%2Fcategories&post=1466"},{"taxonomy":"post_tag","embeddable":true,"href":"http:\/\/www.chapelle-crecy.com\/index.php?rest_route=%2Fwp%2Fv2%2Ftags&post=1466"}],"curies":[{"name":"wp","href":"https:\/\/api.w.org\/{rel}","templated":true}]}}