{"id":147,"date":"2009-10-25T21:14:05","date_gmt":"2009-10-25T21:14:05","guid":{"rendered":""},"modified":"-0001-11-30T00:00:00","modified_gmt":"-0001-11-29T22:00:00","slug":"","status":"publish","type":"post","link":"http:\/\/www.chapelle-crecy.com\/?p=147","title":{"rendered":"Annonces de la semaine du 27 juillet au 2 aout 2009"},"content":{"rendered":"<table bgcolor =\"F0FAFF\" border=0>\n<tbody>\n<tr>\n<td>\n<div align=\"justify\">\n<div \"59\">Voici les annonces de la semaine du lundi 27 juillet au 2 aout et 2009  pour la paroisse des 3 clochers Cr\u00e9cy-la-Chapelle, Villiers-sur-Morin, Voulangis.<\/div>\n<\/div>\n<\/td>\n<\/tr>\n<\/tbody>\n<\/table>\n<p>Il n&rsquo;y a pas de messe en semaine \u00e0 Cr\u00e9cy.<\/p>\n<p>Reprise des messes \u00e0 10h30 pendant le mois d&rsquo;ao\u00fbt.<\/p>\n<p>dimanche 2 aout : \u00e0 10h30 \u00e0 Cr\u00e9cy-la-Chapelle pour Maurice MEUNIER<\/p>\n<p>                             \u00e0 11h30: bapt\u00eame d&rsquo;In\u00e8s PONS \u00e0 Cr\u00e9cy (\u00e9glise St Georges)<\/p>\n<p>Tr\u00e8s bel \u00e9t\u00e9 \u00e0 vous tous.<\/p>\n","protected":false},"excerpt":{"rendered":"<p>Voici les annonces de la semaine du lundi 27 juillet au 2 aout et 2009 pour la paroisse des 3 clochers Cr\u00e9cy-la-Chapelle, Villiers-sur-Morin, Voulangis. Il n&rsquo;y a pas de messe en semaine \u00e0 Cr\u00e9cy.&#46;&#46;&#46;<\/p>\n","protected":false},"author":2,"featured_media":0,"comment_status":"open","ping_status":"open","sticky":false,"template":"","format":"standard","meta":{"footnotes":""},"categories":[],"tags":[],"class_list":["post-147","post","type-post","status-publish","format-standard","hentry"],"_links":{"self":[{"href":"http:\/\/www.chapelle-crecy.com\/index.php?rest_route=\/wp\/v2\/posts\/147","targetHints":{"allow":["GET"]}}],"collection":[{"href":"http:\/\/www.chapelle-crecy.com\/index.php?rest_route=\/wp\/v2\/posts"}],"about":[{"href":"http:\/\/www.chapelle-crecy.com\/index.php?rest_route=\/wp\/v2\/types\/post"}],"author":[{"embeddable":true,"href":"http:\/\/www.chapelle-crecy.com\/index.php?rest_route=\/wp\/v2\/users\/2"}],"replies":[{"embeddable":true,"href":"http:\/\/www.chapelle-crecy.com\/index.php?rest_route=%2Fwp%2Fv2%2Fcomments&post=147"}],"version-history":[{"count":0,"href":"http:\/\/www.chapelle-crecy.com\/index.php?rest_route=\/wp\/v2\/posts\/147\/revisions"}],"wp:attachment":[{"href":"http:\/\/www.chapelle-crecy.com\/index.php?rest_route=%2Fwp%2Fv2%2Fmedia&parent=147"}],"wp:term":[{"taxonomy":"category","embeddable":true,"href":"http:\/\/www.chapelle-crecy.com\/index.php?rest_route=%2Fwp%2Fv2%2Fcategories&post=147"},{"taxonomy":"post_tag","embeddable":true,"href":"http:\/\/www.chapelle-crecy.com\/index.php?rest_route=%2Fwp%2Fv2%2Ftags&post=147"}],"curies":[{"name":"wp","href":"https:\/\/api.w.org\/{rel}","templated":true}]}}