{"id":1477,"date":"2023-09-15T07:48:46","date_gmt":"2023-09-15T07:48:46","guid":{"rendered":""},"modified":"-0001-11-30T00:00:00","modified_gmt":"-0001-11-29T22:00:00","slug":"","status":"publish","type":"post","link":"http:\/\/www.chapelle-crecy.com\/?p=1477","title":{"rendered":"Annonces du 18 au 24 septembre 2023"},"content":{"rendered":"<div align=\"justify\">Voici les annonces de la p\u00e9riode du lundi 18 au dimanche 24 septembre 2023 pour la paroisse des 3 clochers Cr\u00e9cy-la-Chapelle, Villiers-sur-Morin, Voulangis. <\/p>\n<p>Samedi 23 septembre 18 h 30 &#8211; Messe \u00e0\u00a0 Voulangis,<br \/>\nDimanche 24 septembre 10 h 30 &#8211; Messe \u00e0\u00a0 la coll\u00e9giale.<br \/>\nTous les d\u00e9tails dans la suite &#8230;\n<\/div>\n<div align=\"center\">\n<table bgcolor =\"FFF6F6\" border=0>\n<tbody>\n<tr>\n<td width=300><font color=\"00B0F0\"><\/p>\n<div align=\"center\"><img decoding=\"async\" src=\"\/IMG\/personnes\/matthieu.jpg\" width=160><br \/><i>Saint Matthieu<\/i>\n<\/div>\n<p><\/font><\/td>\n<td width=500><font color=\"00B0F0\"><\/p>\n<div align=\"left\">\n<b>Mardi 19 septembre<\/b><br \/>\n9 h 00 &#8211; Messe \u00e0 Cr\u00e9cy.<br \/>\n18 h 30 &#8211; R\u00e9p\u00e9tition de la chorale.<\/p>\n<p><b>Mercredi 20 septembre<\/b><br \/>\n20 h 30 &#8211; R\u00e9union du groupe de pri\u00e8re \u00e0 Cr\u00e9cy.<\/p>\n<p><b>Jeudi 21 septembre<\/b><br \/>\n<i>Saint Matthieu<\/i><br \/>\n9 h  Messe \u00e0 Cr\u00e9cy.<\/p>\n<p><b>Vendredi 22 septembre<\/b><br \/>\n18 h  Messe \u00e0 Cr\u00e9cy suivie de l&rsquo;adoration du Saint-Sacrement.<\/p>\n<p><b>Samedi 23 septembre<\/b><br \/>\n13 h 30 \u00e0 18h &#8211; Vente de charit\u00e9 dans les jardins du presbyt\u00e8re avec jeux pour les enfants.<br \/>\n18 h 30 &#8211; Messe \u00e0 Voulangis pour Alexis BALDOVI.<\/p>\n<p><b>Dimanche 24 septembre<\/b><br \/>\n10 h 30  Messe de rentr\u00e9e du cat\u00e9chisme \u00e0 la coll\u00e9giale. Nous prierons pour Denise PLIQUE.<br \/>\nBapt\u00eame d&rsquo;El\u00e9onore MONTEIRO DE CARVALHO et Th\u00e9o COUTINHO.<\/div>\n<\/td>\n<\/tr>\n<\/tbody>\n<\/table>\n<\/div>\n","protected":false},"excerpt":{"rendered":"<p>Voici les annonces de la p\u00e9riode du lundi 18 au dimanche 24 septembre 2023 pour la paroisse des 3 clochers Cr\u00e9cy-la-Chapelle, Villiers-sur-Morin, Voulangis. Samedi 23 septembre 18 h 30 &#8211; Messe \u00e0\u00a0 Voulangis, Dimanche&#46;&#46;&#46;<\/p>\n","protected":false},"author":2,"featured_media":0,"comment_status":"open","ping_status":"open","sticky":false,"template":"","format":"standard","meta":{"footnotes":""},"categories":[],"tags":[],"class_list":["post-1477","post","type-post","status-publish","format-standard","hentry"],"_links":{"self":[{"href":"http:\/\/www.chapelle-crecy.com\/index.php?rest_route=\/wp\/v2\/posts\/1477","targetHints":{"allow":["GET"]}}],"collection":[{"href":"http:\/\/www.chapelle-crecy.com\/index.php?rest_route=\/wp\/v2\/posts"}],"about":[{"href":"http:\/\/www.chapelle-crecy.com\/index.php?rest_route=\/wp\/v2\/types\/post"}],"author":[{"embeddable":true,"href":"http:\/\/www.chapelle-crecy.com\/index.php?rest_route=\/wp\/v2\/users\/2"}],"replies":[{"embeddable":true,"href":"http:\/\/www.chapelle-crecy.com\/index.php?rest_route=%2Fwp%2Fv2%2Fcomments&post=1477"}],"version-history":[{"count":0,"href":"http:\/\/www.chapelle-crecy.com\/index.php?rest_route=\/wp\/v2\/posts\/1477\/revisions"}],"wp:attachment":[{"href":"http:\/\/www.chapelle-crecy.com\/index.php?rest_route=%2Fwp%2Fv2%2Fmedia&parent=1477"}],"wp:term":[{"taxonomy":"category","embeddable":true,"href":"http:\/\/www.chapelle-crecy.com\/index.php?rest_route=%2Fwp%2Fv2%2Fcategories&post=1477"},{"taxonomy":"post_tag","embeddable":true,"href":"http:\/\/www.chapelle-crecy.com\/index.php?rest_route=%2Fwp%2Fv2%2Ftags&post=1477"}],"curies":[{"name":"wp","href":"https:\/\/api.w.org\/{rel}","templated":true}]}}