{"id":1479,"date":"2023-09-27T18:07:49","date_gmt":"2023-09-27T18:07:49","guid":{"rendered":""},"modified":"-0001-11-30T00:00:00","modified_gmt":"-0001-11-29T22:00:00","slug":"","status":"publish","type":"post","link":"http:\/\/www.chapelle-crecy.com\/?p=1479","title":{"rendered":"R\u00e9ouverture de l&rsquo;\u00e9glise de Villiers"},"content":{"rendered":"<p>Toute la communaut\u00e9 paroissiale des 3 Clochers (Cr\u00e9cy-Villiers-Voulangis) est heureuse de vous inviter \u00e0 la messe de r\u00e9ouverture de l&rsquo;\u00e9glise St R\u00e9mi de Villiers-sur-Morin, ce <\/p>\n<div align=\"center\">dimanche 1er octobre \u00e0 11h<\/div>\n<p>\nMonseigneur Jean-Yves Nahmias, \u00e9v\u00eaque de Meaux, pr\u00e9sidera cette messe de b\u00e9n\u00e9diction. <br \/>\nA l&rsquo;issue de la c\u00e9r\u00e9monie, le verre de l&rsquo;amiti\u00e9 sera offert par la municipalit\u00e9 \u00e0 la salle des peintres de Villiers. Vous \u00eates tous chaleureusement convi\u00e9s \u00e0 vous associer \u00e0 notre joie !<\/p>\n<p> Information pratique: vous trouverez de la place pour garer votre voiture dans le parking situ\u00e9 pr\u00e8s du cimeti\u00e8re, \u00e0 cinq minutes \u00e0 pied de l&rsquo;\u00e9glise St R\u00e9mi. <\/p>\n<div align=\"center\"><img decoding=\"async\" src=\"\/IMG\/lieux\/villiers_2023.jpg\"><\/div>\n","protected":false},"excerpt":{"rendered":"<p>Toute la communaut\u00e9 paroissiale des 3 Clochers (Cr\u00e9cy-Villiers-Voulangis) est heureuse de vous inviter \u00e0 la messe de r\u00e9ouverture de l&rsquo;\u00e9glise St R\u00e9mi de Villiers-sur-Morin, ce dimanche 1er octobre \u00e0 11h Monseigneur Jean-Yves Nahmias, \u00e9v\u00eaque&#46;&#46;&#46;<\/p>\n","protected":false},"author":2,"featured_media":0,"comment_status":"open","ping_status":"open","sticky":false,"template":"","format":"standard","meta":{"footnotes":""},"categories":[],"tags":[],"class_list":["post-1479","post","type-post","status-publish","format-standard","hentry"],"_links":{"self":[{"href":"http:\/\/www.chapelle-crecy.com\/index.php?rest_route=\/wp\/v2\/posts\/1479","targetHints":{"allow":["GET"]}}],"collection":[{"href":"http:\/\/www.chapelle-crecy.com\/index.php?rest_route=\/wp\/v2\/posts"}],"about":[{"href":"http:\/\/www.chapelle-crecy.com\/index.php?rest_route=\/wp\/v2\/types\/post"}],"author":[{"embeddable":true,"href":"http:\/\/www.chapelle-crecy.com\/index.php?rest_route=\/wp\/v2\/users\/2"}],"replies":[{"embeddable":true,"href":"http:\/\/www.chapelle-crecy.com\/index.php?rest_route=%2Fwp%2Fv2%2Fcomments&post=1479"}],"version-history":[{"count":0,"href":"http:\/\/www.chapelle-crecy.com\/index.php?rest_route=\/wp\/v2\/posts\/1479\/revisions"}],"wp:attachment":[{"href":"http:\/\/www.chapelle-crecy.com\/index.php?rest_route=%2Fwp%2Fv2%2Fmedia&parent=1479"}],"wp:term":[{"taxonomy":"category","embeddable":true,"href":"http:\/\/www.chapelle-crecy.com\/index.php?rest_route=%2Fwp%2Fv2%2Fcategories&post=1479"},{"taxonomy":"post_tag","embeddable":true,"href":"http:\/\/www.chapelle-crecy.com\/index.php?rest_route=%2Fwp%2Fv2%2Ftags&post=1479"}],"curies":[{"name":"wp","href":"https:\/\/api.w.org\/{rel}","templated":true}]}}