{"id":148,"date":"2009-08-10T18:12:40","date_gmt":"2009-08-10T18:12:40","guid":{"rendered":""},"modified":"-0001-11-30T00:00:00","modified_gmt":"-0001-11-29T22:00:00","slug":"","status":"publish","type":"post","link":"http:\/\/www.chapelle-crecy.com\/?p=148","title":{"rendered":"Annonces de la semaine du 10 au 16 aout 2009"},"content":{"rendered":"<table bgcolor =\"F0FAFF\" border=0>\n<tbody>\n<tr>\n<td>\n<div align=\"justify\">\n<div \"61\">Voici les annonces de la semaine du lundi 10 au 16 aout 2009  pour la paroisse des 3 clochers Cr\u00e9cy-la-Chapelle, Villiers-sur-Morin, Voulangis.<\/div>\n<\/div>\n<\/td>\n<\/tr>\n<\/tbody>\n<\/table>\n<p>lundi 10 aout : 9h : Messe \u00e0 Cr\u00e9cy \u00e0 pour la famille Thion-Munier.<\/p>\n<p>mardi 11 aout : 17h : Messe \u00e0 la maison de retraite pour Maurice Van Buren<\/p>\n<p>mercredi 12 aout : 9h : Messe \u00e0 Cr\u00e9cy pour Josiane Martin<\/p>\n<p>jeudi 13 aout : 9h : Messe \u00e0 Cr\u00e9cy pour C\u00e9lestine Lyonnet<\/p>\n<p>vendredi 14 aout : 9h : Messe \u00e0 Cr\u00e9cy pour Roger Fremont<\/p>\n<p>samedi 15 aout : 10h30 : Messe de l&rsquo;assomption \u00e0 Cr\u00e9cy <\/p>\n<p>dimanche 16 aout : 10h30 : Messe \u00e0 Cr\u00e9cy pour Andr\u00e9e Philippe<\/p>\n<p>14h00 : Bapt\u00e8me de Maxenxe Legaie-Thomberet<\/p>\n","protected":false},"excerpt":{"rendered":"<p>Voici les annonces de la semaine du lundi 10 au 16 aout 2009 pour la paroisse des 3 clochers Cr\u00e9cy-la-Chapelle, Villiers-sur-Morin, Voulangis. lundi 10 aout : 9h : Messe \u00e0 Cr\u00e9cy \u00e0 pour la&#46;&#46;&#46;<\/p>\n","protected":false},"author":2,"featured_media":0,"comment_status":"open","ping_status":"open","sticky":false,"template":"","format":"standard","meta":{"footnotes":""},"categories":[],"tags":[],"class_list":["post-148","post","type-post","status-publish","format-standard","hentry"],"_links":{"self":[{"href":"http:\/\/www.chapelle-crecy.com\/index.php?rest_route=\/wp\/v2\/posts\/148","targetHints":{"allow":["GET"]}}],"collection":[{"href":"http:\/\/www.chapelle-crecy.com\/index.php?rest_route=\/wp\/v2\/posts"}],"about":[{"href":"http:\/\/www.chapelle-crecy.com\/index.php?rest_route=\/wp\/v2\/types\/post"}],"author":[{"embeddable":true,"href":"http:\/\/www.chapelle-crecy.com\/index.php?rest_route=\/wp\/v2\/users\/2"}],"replies":[{"embeddable":true,"href":"http:\/\/www.chapelle-crecy.com\/index.php?rest_route=%2Fwp%2Fv2%2Fcomments&post=148"}],"version-history":[{"count":0,"href":"http:\/\/www.chapelle-crecy.com\/index.php?rest_route=\/wp\/v2\/posts\/148\/revisions"}],"wp:attachment":[{"href":"http:\/\/www.chapelle-crecy.com\/index.php?rest_route=%2Fwp%2Fv2%2Fmedia&parent=148"}],"wp:term":[{"taxonomy":"category","embeddable":true,"href":"http:\/\/www.chapelle-crecy.com\/index.php?rest_route=%2Fwp%2Fv2%2Fcategories&post=148"},{"taxonomy":"post_tag","embeddable":true,"href":"http:\/\/www.chapelle-crecy.com\/index.php?rest_route=%2Fwp%2Fv2%2Ftags&post=148"}],"curies":[{"name":"wp","href":"https:\/\/api.w.org\/{rel}","templated":true}]}}