{"id":1482,"date":"2023-10-07T20:55:12","date_gmt":"2023-10-07T20:55:12","guid":{"rendered":""},"modified":"-0001-11-30T00:00:00","modified_gmt":"-0001-11-29T22:00:00","slug":"","status":"publish","type":"post","link":"http:\/\/www.chapelle-crecy.com\/?p=1482","title":{"rendered":"Concert en l&rsquo;\u00e9glise de Voulangis"},"content":{"rendered":"<p>Dans le cadre des \u00ab\u00a0Dimanches artistiques de Voulangis\u00a0\u00bb, le 15 octobre \u00e0\u00a0 16h \u00e0\u00a0 l&rsquo;\u00e9glise Saint-Pierre de Voulangis, le Duo Amstrande &#8211; B\u00e9n\u00e9dicte Lacour, soprano, et B\u00e9n\u00e9dicte Pommerie, pianiste &#8211; interpr\u00e9teront pour vous des oeuvres de Fanny Mendelssohn et de Clara Schumann. Libre participation.<\/p>\n<div align=\"center\"><img decoding=\"async\" src=\"\/IMG\/culturel\/concert_oct2023.jpg\"><\/div>\n","protected":false},"excerpt":{"rendered":"<p>Dans le cadre des \u00ab\u00a0Dimanches artistiques de Voulangis\u00a0\u00bb, le 15 octobre \u00e0\u00a0 16h \u00e0\u00a0 l&rsquo;\u00e9glise Saint-Pierre de Voulangis, le Duo Amstrande &#8211; B\u00e9n\u00e9dicte Lacour, soprano, et B\u00e9n\u00e9dicte Pommerie, pianiste &#8211; interpr\u00e9teront pour vous des&#46;&#46;&#46;<\/p>\n","protected":false},"author":2,"featured_media":0,"comment_status":"open","ping_status":"open","sticky":false,"template":"","format":"standard","meta":{"footnotes":""},"categories":[],"tags":[],"class_list":["post-1482","post","type-post","status-publish","format-standard","hentry"],"_links":{"self":[{"href":"http:\/\/www.chapelle-crecy.com\/index.php?rest_route=\/wp\/v2\/posts\/1482","targetHints":{"allow":["GET"]}}],"collection":[{"href":"http:\/\/www.chapelle-crecy.com\/index.php?rest_route=\/wp\/v2\/posts"}],"about":[{"href":"http:\/\/www.chapelle-crecy.com\/index.php?rest_route=\/wp\/v2\/types\/post"}],"author":[{"embeddable":true,"href":"http:\/\/www.chapelle-crecy.com\/index.php?rest_route=\/wp\/v2\/users\/2"}],"replies":[{"embeddable":true,"href":"http:\/\/www.chapelle-crecy.com\/index.php?rest_route=%2Fwp%2Fv2%2Fcomments&post=1482"}],"version-history":[{"count":0,"href":"http:\/\/www.chapelle-crecy.com\/index.php?rest_route=\/wp\/v2\/posts\/1482\/revisions"}],"wp:attachment":[{"href":"http:\/\/www.chapelle-crecy.com\/index.php?rest_route=%2Fwp%2Fv2%2Fmedia&parent=1482"}],"wp:term":[{"taxonomy":"category","embeddable":true,"href":"http:\/\/www.chapelle-crecy.com\/index.php?rest_route=%2Fwp%2Fv2%2Fcategories&post=1482"},{"taxonomy":"post_tag","embeddable":true,"href":"http:\/\/www.chapelle-crecy.com\/index.php?rest_route=%2Fwp%2Fv2%2Ftags&post=1482"}],"curies":[{"name":"wp","href":"https:\/\/api.w.org\/{rel}","templated":true}]}}