{"id":1483,"date":"2023-10-13T19:41:02","date_gmt":"2023-10-13T19:41:02","guid":{"rendered":""},"modified":"-0001-11-30T00:00:00","modified_gmt":"-0001-11-29T22:00:00","slug":"","status":"publish","type":"post","link":"http:\/\/www.chapelle-crecy.com\/?p=1483","title":{"rendered":"20. Pr\u00e9paration au bapt\u00eame"},"content":{"rendered":"<p>Prendre contact \u00e0 l&rsquo;accueil paroissial les samedis matin (de 10 h \u00e0 12h)<\/p>\n<p>Pour les petits enfants (0 \u00e0 3 ans) :<br \/>\nInscription 3 mois avant la date souhait\u00e9e. Celle-ci sera d\u00e9termin\u00e9e en fonction de vos d\u00e9sirs et des possibilit\u00e9s du secteur.<br \/>\nPour les enfants de 3 \u00e0 6 ans : inscription 6 mois avant la date pr\u00e9vue pour une mise en relation avec l&rsquo;\u00e9veil \u00e0 la foi.<br \/>\nPour les enfants d&rsquo;\u00e2ge scolaire : inscription au cat\u00e9 de la paroisse aupr\u00e8s de Laetitia : Tel : 0661316383<\/p>\n<p>Pour les jeunes du coll\u00e8ge et lyc\u00e9ens : inscription au cat\u00e9chum\u00e9nat des jeunes aupr\u00e8s de Laetitia : 0661316383.<br \/>\nPour les adultes et jeunes adultes, inscription au cat\u00e9chum\u00e9nat des adultes (pr\u00e9paration bapt\u00eame, 1ere communion et confirmation) aupr\u00e8s de Evelyne : Tel : 0613620166<\/p>\n","protected":false},"excerpt":{"rendered":"<p>Prendre contact \u00e0 l&rsquo;accueil paroissial les samedis matin (de 10 h \u00e0 12h) Pour les petits enfants (0 \u00e0 3 ans) : Inscription 3 mois avant la date souhait\u00e9e. Celle-ci sera d\u00e9termin\u00e9e en fonction&#46;&#46;&#46;<\/p>\n","protected":false},"author":2,"featured_media":0,"comment_status":"open","ping_status":"open","sticky":false,"template":"","format":"standard","meta":{"footnotes":""},"categories":[],"tags":[],"class_list":["post-1483","post","type-post","status-publish","format-standard","hentry"],"_links":{"self":[{"href":"http:\/\/www.chapelle-crecy.com\/index.php?rest_route=\/wp\/v2\/posts\/1483","targetHints":{"allow":["GET"]}}],"collection":[{"href":"http:\/\/www.chapelle-crecy.com\/index.php?rest_route=\/wp\/v2\/posts"}],"about":[{"href":"http:\/\/www.chapelle-crecy.com\/index.php?rest_route=\/wp\/v2\/types\/post"}],"author":[{"embeddable":true,"href":"http:\/\/www.chapelle-crecy.com\/index.php?rest_route=\/wp\/v2\/users\/2"}],"replies":[{"embeddable":true,"href":"http:\/\/www.chapelle-crecy.com\/index.php?rest_route=%2Fwp%2Fv2%2Fcomments&post=1483"}],"version-history":[{"count":0,"href":"http:\/\/www.chapelle-crecy.com\/index.php?rest_route=\/wp\/v2\/posts\/1483\/revisions"}],"wp:attachment":[{"href":"http:\/\/www.chapelle-crecy.com\/index.php?rest_route=%2Fwp%2Fv2%2Fmedia&parent=1483"}],"wp:term":[{"taxonomy":"category","embeddable":true,"href":"http:\/\/www.chapelle-crecy.com\/index.php?rest_route=%2Fwp%2Fv2%2Fcategories&post=1483"},{"taxonomy":"post_tag","embeddable":true,"href":"http:\/\/www.chapelle-crecy.com\/index.php?rest_route=%2Fwp%2Fv2%2Ftags&post=1483"}],"curies":[{"name":"wp","href":"https:\/\/api.w.org\/{rel}","templated":true}]}}