{"id":1484,"date":"2023-10-14T20:38:28","date_gmt":"2023-10-14T20:38:28","guid":{"rendered":""},"modified":"-0001-11-30T00:00:00","modified_gmt":"-0001-11-29T22:00:00","slug":"","status":"publish","type":"post","link":"http:\/\/www.chapelle-crecy.com\/?p=1484","title":{"rendered":"Annonces du 16 au 22 octobre 2023"},"content":{"rendered":"<div align=\"justify\">Voici les annonces de la p\u00e9riode du lundi 16 au dimanche 22 octobre 2023 pour la paroisse des 3 clochers Cr\u00e9cy-la-Chapelle, Villiers-sur-Morin, Voulangis. <\/p>\n<p>Samedi 21 octobre 18 h 30 &#8211; Messe \u00e0\u00a0 Villiers.<br \/>\nDimanche 22 octobre 10 h 30 &#8211; Messe \u00e0\u00a0 Cr\u00e9cy.<br \/>\nTous les d\u00e9tails dans suite &#8230;\n<\/div>\n<div align=\"center\">\n<table bgcolor =\"FBF6F6\" border=0>\n<tbody>\n<tr>\n<td ><font color=\"8080F0\"><\/p>\n<div align=\"center\"><img decoding=\"async\" src=\"\/IMG\/personnes\/luc_evangeliste.jpg\" width=160><br \/><i>Saint Luc<\/i>\n<\/div>\n<p><\/font><\/td>\n<td><font color=\"8080F0\"><\/p>\n<div align=\"left\">\n<b>Mardi 17 octobre<\/b><br \/>\n18 h 30 &#8211; R\u00e9p\u00e9tition de la chorale \u00e0 Cr\u00e9cy.<\/p>\n<p><b>Mercredi 18 octobre<\/b><br \/>\n<i>Saint Luc<\/i><br \/>\n20 h 30 \u00e0 21 h 30  Louange et chapelet \u00e0 Cr\u00e9cy.<\/p>\n<p><b>Vendredi 20 octobre<\/b><br \/>\n18 h  Messe \u00e0 Cr\u00e9cy suivie de l&rsquo;adoration du Saint Sacrement.<\/p>\n<p><b>Samedi 21 octobre<\/b><br \/>\n10 h 30 &#8211; Bapt\u00eame \u00e0 Voulangis de Didier FERNANDES.<br \/>\n18 h 30 &#8211; Messe \u00e0 Villiers.<\/p>\n<p><b>Dimanche 22 octobre<\/b><br \/>\n10 h 30 &#8211; Messe \u00e0 Cr\u00e9cy.<br \/>\nSamedi 21 et dimanche 22 octobre : Qu\u00eate au profit des Oeuvres Pontificales Missionnaires.<\/font><\/td>\n<\/tr>\n<\/tbody>\n<\/table>\n<\/div>\n","protected":false},"excerpt":{"rendered":"<p>Voici les annonces de la p\u00e9riode du lundi 16 au dimanche 22 octobre 2023 pour la paroisse des 3 clochers Cr\u00e9cy-la-Chapelle, Villiers-sur-Morin, Voulangis. Samedi 21 octobre 18 h 30 &#8211; Messe \u00e0\u00a0 Villiers. Dimanche&#46;&#46;&#46;<\/p>\n","protected":false},"author":2,"featured_media":0,"comment_status":"open","ping_status":"open","sticky":false,"template":"","format":"standard","meta":{"footnotes":""},"categories":[],"tags":[],"class_list":["post-1484","post","type-post","status-publish","format-standard","hentry"],"_links":{"self":[{"href":"http:\/\/www.chapelle-crecy.com\/index.php?rest_route=\/wp\/v2\/posts\/1484","targetHints":{"allow":["GET"]}}],"collection":[{"href":"http:\/\/www.chapelle-crecy.com\/index.php?rest_route=\/wp\/v2\/posts"}],"about":[{"href":"http:\/\/www.chapelle-crecy.com\/index.php?rest_route=\/wp\/v2\/types\/post"}],"author":[{"embeddable":true,"href":"http:\/\/www.chapelle-crecy.com\/index.php?rest_route=\/wp\/v2\/users\/2"}],"replies":[{"embeddable":true,"href":"http:\/\/www.chapelle-crecy.com\/index.php?rest_route=%2Fwp%2Fv2%2Fcomments&post=1484"}],"version-history":[{"count":0,"href":"http:\/\/www.chapelle-crecy.com\/index.php?rest_route=\/wp\/v2\/posts\/1484\/revisions"}],"wp:attachment":[{"href":"http:\/\/www.chapelle-crecy.com\/index.php?rest_route=%2Fwp%2Fv2%2Fmedia&parent=1484"}],"wp:term":[{"taxonomy":"category","embeddable":true,"href":"http:\/\/www.chapelle-crecy.com\/index.php?rest_route=%2Fwp%2Fv2%2Fcategories&post=1484"},{"taxonomy":"post_tag","embeddable":true,"href":"http:\/\/www.chapelle-crecy.com\/index.php?rest_route=%2Fwp%2Fv2%2Ftags&post=1484"}],"curies":[{"name":"wp","href":"https:\/\/api.w.org\/{rel}","templated":true}]}}