{"id":1485,"date":"2023-10-20T17:54:10","date_gmt":"2023-10-20T17:54:10","guid":{"rendered":""},"modified":"-0001-11-30T00:00:00","modified_gmt":"-0001-11-29T22:00:00","slug":"","status":"publish","type":"post","link":"http:\/\/www.chapelle-crecy.com\/?p=1485","title":{"rendered":"Annonces du 23 au 29 octobre 2023"},"content":{"rendered":"<div align=\"justify\">Voici les annonces de la p\u00e9riode du lundi 23 au dimanche 29 octobre 2023 pour la paroisse des 3 clochers Cr\u00e9cy-la-Chapelle, Villiers-sur-Morin, Voulangis. <\/p>\n<p>Samedi 28 octobre<br \/>\n de 14 h \u00e0\u00a0 16 h &#8211; Visite de la Coll\u00e9giale<br \/>\n \u00e0\u00a0 18 h 30  &#8211; Messe \u00e0\u00a0 Voulangis.<br \/>\nDimanche 29 octobre 10 h 30 &#8211; Messe \u00e0\u00a0 Cr\u00e9cy.<br \/>\nTous les d\u00e9tails dans suite &#8230; <\/div>\n<div align=\"center\">\n<table bgcolor =\"FBF6F6\" border=0>\n<tbody>\n<tr>\n<td width=150><font color=\"8080F0\"><\/p>\n<div align=\"center\"><img decoding=\"async\" src=\"\/IMG\/personnes\/alor.jpg\" width=140><br \/><i>Saint Alor<\/i>\n<\/div>\n<p><\/font><\/td>\n<td><font color=\"8080F0\"><\/p>\n<div align=\"left\">\n<b>Mardi 24 octobre<\/b><br \/>\n10 h 30 &#8211; Messe \u00e0 Cr\u00e9cy.<\/p>\n<p><b>Jeudi 26 octobre<\/b><br \/>\n<i>Saint Alor<\/i><br \/>\n9 h  &#8211; Messe \u00e0 Cr\u00e9cy.<br \/>\n10 h 30 &#8211; A Villiers, obs\u00e8ques de Roger BONHOMME.<\/p>\n<p><b>Vendredi 27 octobre<\/b><br \/>\n18 h  Messe \u00e0 Cr\u00e9cy suivie de l&rsquo;adoration du Saint Sacrement.<\/p>\n<p><b>Samedi 28 octobre<\/b><br \/>\nde 14h \u00e0 16h &#8211; Ouverture de la Coll\u00e9giale<br \/>\n18 h 30 &#8211; Messe \u00e0 Voulangis pour Anne-Marie et Georges PAQUET.<\/p>\n<p><b>Dimanche 29 octobre<\/b><br \/>\n10 h 30 &#8211; Messe \u00e0 Cr\u00e9cy pour Roger BONHOMME.<\/font><\/td>\n<\/tr>\n<\/tbody>\n<\/table>\n<\/div>\n","protected":false},"excerpt":{"rendered":"<p>Voici les annonces de la p\u00e9riode du lundi 23 au dimanche 29 octobre 2023 pour la paroisse des 3 clochers Cr\u00e9cy-la-Chapelle, Villiers-sur-Morin, Voulangis. Samedi 28 octobre de 14 h \u00e0\u00a0 16 h &#8211; Visite&#46;&#46;&#46;<\/p>\n","protected":false},"author":2,"featured_media":0,"comment_status":"open","ping_status":"open","sticky":false,"template":"","format":"standard","meta":{"footnotes":""},"categories":[],"tags":[],"class_list":["post-1485","post","type-post","status-publish","format-standard","hentry"],"_links":{"self":[{"href":"http:\/\/www.chapelle-crecy.com\/index.php?rest_route=\/wp\/v2\/posts\/1485","targetHints":{"allow":["GET"]}}],"collection":[{"href":"http:\/\/www.chapelle-crecy.com\/index.php?rest_route=\/wp\/v2\/posts"}],"about":[{"href":"http:\/\/www.chapelle-crecy.com\/index.php?rest_route=\/wp\/v2\/types\/post"}],"author":[{"embeddable":true,"href":"http:\/\/www.chapelle-crecy.com\/index.php?rest_route=\/wp\/v2\/users\/2"}],"replies":[{"embeddable":true,"href":"http:\/\/www.chapelle-crecy.com\/index.php?rest_route=%2Fwp%2Fv2%2Fcomments&post=1485"}],"version-history":[{"count":0,"href":"http:\/\/www.chapelle-crecy.com\/index.php?rest_route=\/wp\/v2\/posts\/1485\/revisions"}],"wp:attachment":[{"href":"http:\/\/www.chapelle-crecy.com\/index.php?rest_route=%2Fwp%2Fv2%2Fmedia&parent=1485"}],"wp:term":[{"taxonomy":"category","embeddable":true,"href":"http:\/\/www.chapelle-crecy.com\/index.php?rest_route=%2Fwp%2Fv2%2Fcategories&post=1485"},{"taxonomy":"post_tag","embeddable":true,"href":"http:\/\/www.chapelle-crecy.com\/index.php?rest_route=%2Fwp%2Fv2%2Ftags&post=1485"}],"curies":[{"name":"wp","href":"https:\/\/api.w.org\/{rel}","templated":true}]}}