{"id":1486,"date":"2023-10-28T08:15:10","date_gmt":"2023-10-28T08:15:10","guid":{"rendered":""},"modified":"-0001-11-30T00:00:00","modified_gmt":"-0001-11-29T22:00:00","slug":"","status":"publish","type":"post","link":"http:\/\/www.chapelle-crecy.com\/?p=1486","title":{"rendered":"Annonces du 30 octobre au 5 novembre 2023"},"content":{"rendered":"<div align=\"justify\">Voici les annonces de la p\u00e9riode du lundi 30 octobre au dimanche 5 novembree 2023 pour la paroisse des 3 clochers Cr\u00e9cy-la-Chapelle, Villiers-sur-Morin, Voulangis. <\/p>\n<p>Samedi 4 novembre &#8211; 18 h 30  &#8211; Messe \u00e0\u00a0 Villiers.<br \/>\nDimanche 5 novembre 10 h 30 &#8211; Messe \u00e0\u00a0 Cr\u00e9cy.<br \/>\nTous les d\u00e9tails dans suite &#8230; <\/div>\n<div align=\"center\">\n<table bgcolor =\"FBF6F6\" border=0>\n<tbody>\n<tr>\n<td width=140><font color=\"8080F0\"><\/p>\n<div align=\"center\"><img decoding=\"async\" src=\"\/IMG\/jpg\/chrysanthemes.jpg\" width=140>\n<\/div>\n<p><\/font><\/td>\n<td><font color=\"8080F0\"><\/p>\n<div align=\"left\">\n<b>Lundi 30 octobre<\/b><br \/>\n15 h &#8211; Messe \u00e0 la maison de retraite de Cr\u00e9cy.<\/p>\n<p><b>Mardi 31 octobre<\/b><br \/>\n9 h  &#8211; Messe \u00e0 St Georges \u00e0 Cr\u00e9cy.<\/p>\n<p><b>Mercredi 1er novembre<\/b><br \/>\n<i>F\u00eate de la Toussaint<\/i><br \/>\n10 h 30 &#8211; \u00e0 Cr\u00e9cy messe anniversaire pour Julien REYDEL.<br \/>\n<font color=\"FF0000\">15 h &#8211; B\u00e9n\u00e9diction des tombes dans les 5 cimeti\u00e8res de nos 3 paroisses (Cr\u00e9cy-Villiers-Voulangis).<\/font><br \/>\n<\/font><\/td>\n<\/tr>\n<\/tbody>\n<\/table>\n<table bgcolor =\"FBF6F6\" border=0>\n<tbody>\n<tr>\n<td><font color=\"8080F0\"><\/p>\n<div align=\"left\">\n<b>Jeudi 2 Novembre, jour des morts<\/b><br \/>\n9 h  &#8211; Messe \u00e0 St Georges \u00e0 Cr\u00e9cy.<\/p>\n<p><b>Samedi 4 Novembre<\/b><br \/>\n<font color=\"FF0000\">14 h \u00e0 16 h &#8211; Ouverture de l&rsquo;\u00e9glise St Georges-St Louis \u00e0 Cr\u00e9cy &#8211; Visite comment\u00e9e<\/font><br \/>\n18 h 30 &#8211; Messe en l&rsquo;\u00e9glise St R\u00e9mi de Villiers pour Baptiste MUSITELLI inhum\u00e9 cette semaine.<\/p>\n<p><b>Dimanche 5 novembre<\/b><br \/>\n10 h 30 &#8211; Messe \u00e0 Cr\u00e9cy pour Marguerite-Marie et Andr\u00e9 PANHARD.<br \/>\n<\/font><\/td>\n<\/tr>\n<\/tbody>\n<\/table>\n<\/div>\n","protected":false},"excerpt":{"rendered":"<p>Voici les annonces de la p\u00e9riode du lundi 30 octobre au dimanche 5 novembree 2023 pour la paroisse des 3 clochers Cr\u00e9cy-la-Chapelle, Villiers-sur-Morin, Voulangis. Samedi 4 novembre &#8211; 18 h 30 &#8211; Messe \u00e0\u00a0&#46;&#46;&#46;<\/p>\n","protected":false},"author":2,"featured_media":0,"comment_status":"open","ping_status":"open","sticky":false,"template":"","format":"standard","meta":{"footnotes":""},"categories":[],"tags":[],"class_list":["post-1486","post","type-post","status-publish","format-standard","hentry"],"_links":{"self":[{"href":"http:\/\/www.chapelle-crecy.com\/index.php?rest_route=\/wp\/v2\/posts\/1486","targetHints":{"allow":["GET"]}}],"collection":[{"href":"http:\/\/www.chapelle-crecy.com\/index.php?rest_route=\/wp\/v2\/posts"}],"about":[{"href":"http:\/\/www.chapelle-crecy.com\/index.php?rest_route=\/wp\/v2\/types\/post"}],"author":[{"embeddable":true,"href":"http:\/\/www.chapelle-crecy.com\/index.php?rest_route=\/wp\/v2\/users\/2"}],"replies":[{"embeddable":true,"href":"http:\/\/www.chapelle-crecy.com\/index.php?rest_route=%2Fwp%2Fv2%2Fcomments&post=1486"}],"version-history":[{"count":0,"href":"http:\/\/www.chapelle-crecy.com\/index.php?rest_route=\/wp\/v2\/posts\/1486\/revisions"}],"wp:attachment":[{"href":"http:\/\/www.chapelle-crecy.com\/index.php?rest_route=%2Fwp%2Fv2%2Fmedia&parent=1486"}],"wp:term":[{"taxonomy":"category","embeddable":true,"href":"http:\/\/www.chapelle-crecy.com\/index.php?rest_route=%2Fwp%2Fv2%2Fcategories&post=1486"},{"taxonomy":"post_tag","embeddable":true,"href":"http:\/\/www.chapelle-crecy.com\/index.php?rest_route=%2Fwp%2Fv2%2Ftags&post=1486"}],"curies":[{"name":"wp","href":"https:\/\/api.w.org\/{rel}","templated":true}]}}