{"id":1487,"date":"2023-11-01T06:00:00","date_gmt":"2023-11-01T06:00:00","guid":{"rendered":""},"modified":"-0001-11-30T00:00:00","modified_gmt":"-0001-11-29T22:00:00","slug":"","status":"publish","type":"post","link":"http:\/\/www.chapelle-crecy.com\/?p=1487","title":{"rendered":"LA TOUSSAINT &#8211; TOUS SAINTS ?"},"content":{"rendered":"<div align=\"justify\">\nDu fait du rapprochement des dates (1er et 2 Novembre) et compte tenu des contraintes du travail, il y a toujours un risque de confondre la Toussaint avec la m\u00e9moire de tous les fid\u00e8les d\u00e9funts. Ce qui est frappant est que, tous les ans, les fid\u00e8les participent massivement \u00e0 la liturgie de la Toussaint (f\u00eate de tous les saints). Que viennent \u00ab faire \u00bb exactement les fid\u00e8les \u00e0 l&rsquo;Eglise ce jour-l\u00e0 ? Eh bien, ils viennent v\u00e9n\u00e9rer la m\u00e9moire des saints, en esp\u00e9rant partager un jour leur communaut\u00e9 (Concile Vatican II, Sacrosanctum Concilium n\u00c2\u00b08). <\/p>\n<p> Alors qu&rsquo;en la m\u00e9moire des fid\u00e8les d\u00e9funts, l&rsquo;Eglise fait monter vers Dieu sa pri\u00e8re d&rsquo;intercession en faveur de tous ceux qui nous pr\u00e9c\u00e9d\u00e9s, la Toussaint et les autres f\u00eates des saints proclament les merveilles du Christ chez ses serviteurs et offrent aux fid\u00e8les les exemples opportuns \u00e0 imiter ((Concile Vatican II, Sacrosanctum Concilium n\u00c2\u00b0111). La c\u00e9l\u00e9bration de la Toussaint nous permet de rendre gr\u00e2ce pour les merveilles accomplies par la gr\u00e2ce du Seigneur dans le coeur de tant d&rsquo;hommes et de femmes.<\/p>\n<p> Mais que font-ils les saints au Ciel ? Le Concile pr\u00e9cise qu&rsquo;ils \u00ab chantent \u00e0 Dieu dans le ciel une louange parfaite et interc\u00e8dent pour nous \u00bb (SC 104). Ce double mouvement de la liturgie c\u00e9leste est aussi la caract\u00e9ristique essentielle de toute liturgie chr\u00e9tienne, c&rsquo;est-\u00e0-dire tourn\u00e9e vers Dieu (par la louange-adoration) et tourn\u00e9e vers les hommes (par l&rsquo;intercession). Autrement dit, l&rsquo;\u00eatre chr\u00e9tien est un \u00eatre de communion ! Mais cette communion tire son fondement dans le Christ. C&rsquo;est parce qu&rsquo;ils ont conform\u00e9 leur vie \u00e0 celle du Christ qu&rsquo;ils sont glorifi\u00e9s avec lui et obtiennent aux hommes par lui les bienfaits du Ciel. C&rsquo;est par Lui (le Christ), avec Lui et en Lui que se r\u00e9alise la communion entre les saints et la communaut\u00e9 en pri\u00e8re. Voil\u00e0 pourquoi, m\u00eame lorsque les oraisons sont destin\u00e9es \u00e0 demander l&rsquo;intercession de tel saint, ou de tous les saints, elles s&rsquo;adressent toujours au P\u00e8re, par le Fils dans la force de l&rsquo;Esprit-Saint. Nous le savons, c&rsquo;est l&rsquo;Esprit-Saint qui poursuit l&rsquo;oeuvre de sanctification de l&rsquo;humanit\u00e9. <\/p>\n<p> La communion des saints et leur solidarit\u00e9 soutiennent ainsi l&rsquo;esp\u00e9rance des hommes dans leur marche vers la Cit\u00e9 c\u00e9leste. Cette communion et cette solidarit\u00e9 s&rsquo;opposent \u00e0 l&rsquo;autonomie du monde et de l&rsquo;homme qui domine la mentalit\u00e9 contemporaine et qui a souvent tendance \u00e0 offusquer l&rsquo;esp\u00e9rance eschatologique dont la foi chr\u00e9tienne est le garant (cf. 1 Jn 3, 2).<\/p>\n<p> D\u00e8s lors, c\u00e9l\u00e9brer la m\u00e9moire d&rsquo;un saint, f\u00eater la Toussaint est un acte fondamental pour tout chr\u00e9tien et pour toute communaut\u00e9 chr\u00e9tienne qui se veut en marche. Oui, nous sommes tous en marche, et ces m\u00e9moires sont l\u00e0 pour \u00ab stimuler notre recherche de Dieu, des r\u00e9alit\u00e9s d&rsquo;en haut, soutenir notre esp\u00e9rance  \u00bb. Et puis, \u00ab les saints nous permettent d&rsquo;\u00eatre instruits par rapport \u00e0 notre propre voie de saintet\u00e9 : en effet, il en existe de tous les types, des jeunes et des vieux, des la\u00efcs et des pr\u00eatres, des martyrs et des personnes en services  \u00bb. <\/p>\n<p> Voil\u00e0 pourquoi l&rsquo;\u00e9vocation des noms de ceux et celles qui nous ont quitt\u00e9s et le geste de fid\u00e9lit\u00e9 \u00e0 se recueillir pr\u00e8s de leurs tombes (m\u00e9moire r\u00e9serv\u00e9e en principe au 02 Novembre) devrait nous inciter \u00e0 une m\u00e9ditation teint\u00e9e de gravit\u00e9. Cependant, ce n&rsquo;est pas dans le but de nous enfermer dans nos sentiments, mais plut\u00f4t pour nous inviter \u00e0 nous tourner vers ce qui nous attend. En effet, la saintet\u00e9 n&rsquo;est pas une voie r\u00e9serv\u00e9e \u00e0 une \u00e9lite : elle concerne tous ceux et celles qui choisissent de mettre fid\u00e8lement leurs pas dans les pas du Christ.<br \/>\n Petite anecdote : Je me rappelle qu&rsquo;au Grand S\u00e9minaire, chaque s\u00e9minariste \u00e9tait invit\u00e9 \u00e0 pr\u00e9senter, \u00e0 une soir\u00e9e, la vie de son saint patron, en soulignant surtout ce qu&rsquo;il en retenait pour sa propre vie chr\u00e9tienne. Ceux qui n&rsquo;en avaient pas, on leur proposait d&rsquo;en choisir un, en justifiant eux aussi leur motivation. Au fait, c&rsquo;est l\u00e0 que j&rsquo;ai eu la joie de choisir Antoine (de Padoue) comme pr\u00e9nom. Int\u00e9ressant ! Bref, jour de f\u00eate et de joie, la Toussaint, comme toutes les f\u00eates des saints, nous inspire \u00e0 travers des visages simples, divers et vari\u00e9s de l&rsquo;histoire, une mani\u00e8re d&rsquo;\u00eatre disciple du Christ aujourd&rsquo;hui, en attendant la communion parfaite avec eux dans le Royaume des cieux.<\/p>\n<p> Bonne f\u00eate avec les saints !<br \/>\n P. Antoine DUNIA <\/p>\n<\/div>\n","protected":false},"excerpt":{"rendered":"<p>Du fait du rapprochement des dates (1er et 2 Novembre) et compte tenu des contraintes du travail, il y a toujours un risque de confondre la Toussaint avec la m\u00e9moire de tous les fid\u00e8les&#46;&#46;&#46;<\/p>\n","protected":false},"author":2,"featured_media":0,"comment_status":"open","ping_status":"open","sticky":false,"template":"","format":"standard","meta":{"footnotes":""},"categories":[],"tags":[],"class_list":["post-1487","post","type-post","status-publish","format-standard","hentry"],"_links":{"self":[{"href":"http:\/\/www.chapelle-crecy.com\/index.php?rest_route=\/wp\/v2\/posts\/1487","targetHints":{"allow":["GET"]}}],"collection":[{"href":"http:\/\/www.chapelle-crecy.com\/index.php?rest_route=\/wp\/v2\/posts"}],"about":[{"href":"http:\/\/www.chapelle-crecy.com\/index.php?rest_route=\/wp\/v2\/types\/post"}],"author":[{"embeddable":true,"href":"http:\/\/www.chapelle-crecy.com\/index.php?rest_route=\/wp\/v2\/users\/2"}],"replies":[{"embeddable":true,"href":"http:\/\/www.chapelle-crecy.com\/index.php?rest_route=%2Fwp%2Fv2%2Fcomments&post=1487"}],"version-history":[{"count":0,"href":"http:\/\/www.chapelle-crecy.com\/index.php?rest_route=\/wp\/v2\/posts\/1487\/revisions"}],"wp:attachment":[{"href":"http:\/\/www.chapelle-crecy.com\/index.php?rest_route=%2Fwp%2Fv2%2Fmedia&parent=1487"}],"wp:term":[{"taxonomy":"category","embeddable":true,"href":"http:\/\/www.chapelle-crecy.com\/index.php?rest_route=%2Fwp%2Fv2%2Fcategories&post=1487"},{"taxonomy":"post_tag","embeddable":true,"href":"http:\/\/www.chapelle-crecy.com\/index.php?rest_route=%2Fwp%2Fv2%2Ftags&post=1487"}],"curies":[{"name":"wp","href":"https:\/\/api.w.org\/{rel}","templated":true}]}}