{"id":1488,"date":"2023-11-04T13:05:23","date_gmt":"2023-11-04T13:05:23","guid":{"rendered":""},"modified":"-0001-11-30T00:00:00","modified_gmt":"-0001-11-29T22:00:00","slug":"","status":"publish","type":"post","link":"http:\/\/www.chapelle-crecy.com\/?p=1488","title":{"rendered":"Annonces du 6 au 12 novembre 2023"},"content":{"rendered":"<div align=\"justify\">Voici les annonces de la p\u00e9riode du lundi 6 au dimanche 12 novembree 2023 pour la paroisse des 3 clochers Cr\u00e9cy-la-Chapelle, Villiers-sur-Morin, Voulangis. <\/p>\n<p>Samedi 11 novembre &#8211; 10 h 30  &#8211; Messe \u00e0\u00a0 Cr\u00e9cy.<br \/>\nDimanche 12 novembre 10 h 30 &#8211; Messe \u00e0\u00a0 Cr\u00e9cy.<br \/>\nTous les d\u00e9tails dans suite &#8230; <\/div>\n<div align=\"center\">\n<table bgcolor =\"FBF6F6\" border=0>\n<tbody>\n<tr>\n<td width=140><font color=\"8080F0\"><\/p>\n<div align=\"center\"><img decoding=\"async\" src=\"\/IMG\/personnes\/leonard.jpg\" width=180><br \/><i>Saint L\u00e9onard<\/i>\n<\/div>\n<p><\/font><\/td>\n<td><font color=\"8080F0\"><\/p>\n<div align=\"left\">\n<b>Lundi 6 novembre<\/b><br \/>\n14 h 30 &#8211; R\u00e9union de l&rsquo;\u00e9quipe du Rosaire au presbyt\u00e8re.<\/p>\n<p><b>Mardi 7 novembre<\/b><br \/>\n<i>Saint L\u00e9onard<\/i><br \/>\n9 h  &#8211; Messe \u00e0 St Georges \u00e0 Cr\u00e9cy.<br \/>\n18 h 30 &#8211; R\u00e9p\u00e9tition de la chorale \u00e0 Cr\u00e9cy.<\/p>\n<p><b>Mercredi 8 novembre<\/b><br \/>\n20 h 30 &#8211; Groupe de pri\u00e8re \u00e0 Cr\u00e9cy.<\/p>\n<p><b>Jeudi 9 novembre<\/b><br \/>\n9 h  &#8211; Messe \u00e0 St Georges \u00e0 Cr\u00e9cy.<\/font><\/td>\n<\/tr>\n<\/tbody>\n<\/table>\n<table bgcolor =\"F6F6FB\" border=0>\n<tbody>\n<tr>\n<td><font color=\"F080F0\"><\/p>\n<div align=\"left\">\n<b>Vendredi 10 novembre<\/b><br \/>\n18 h &#8211; Messe \u00e0 Cr\u00e9cy, suivie de l&rsquo;adoration du Saint Sacrement.<\/p>\n<p><b>Samedi 11 Novembre<\/b><br \/>\nFETE DE L&rsquo;ARMISTICE DE 1918<br \/>\n10 h 30 &#8211; A Cr\u00e9cy messe pour la paix.<\/p>\n<p><b>Dimanche 12 novembre<\/b><br \/>\n10 h 30 &#8211; A Cr\u00e9cy messe d&rsquo;action de gr\u00e2ce pour Luc Alain BEAHO.<br \/>\n<\/font><\/td>\n<td width=140><font color=\"F080F0\"><\/p>\n<div align=\"center\"><img decoding=\"async\" src=\"\/IMG\/gif\/france-flag-7.gif\" width=180>\n<\/div>\n<p><\/font><\/td>\n<\/tr>\n<\/tbody>\n<\/table>\n<\/div>\n","protected":false},"excerpt":{"rendered":"<p>Voici les annonces de la p\u00e9riode du lundi 6 au dimanche 12 novembree 2023 pour la paroisse des 3 clochers Cr\u00e9cy-la-Chapelle, Villiers-sur-Morin, Voulangis. Samedi 11 novembre &#8211; 10 h 30 &#8211; Messe \u00e0\u00a0 Cr\u00e9cy.&#46;&#46;&#46;<\/p>\n","protected":false},"author":2,"featured_media":0,"comment_status":"open","ping_status":"open","sticky":false,"template":"","format":"standard","meta":{"footnotes":""},"categories":[],"tags":[],"class_list":["post-1488","post","type-post","status-publish","format-standard","hentry"],"_links":{"self":[{"href":"http:\/\/www.chapelle-crecy.com\/index.php?rest_route=\/wp\/v2\/posts\/1488","targetHints":{"allow":["GET"]}}],"collection":[{"href":"http:\/\/www.chapelle-crecy.com\/index.php?rest_route=\/wp\/v2\/posts"}],"about":[{"href":"http:\/\/www.chapelle-crecy.com\/index.php?rest_route=\/wp\/v2\/types\/post"}],"author":[{"embeddable":true,"href":"http:\/\/www.chapelle-crecy.com\/index.php?rest_route=\/wp\/v2\/users\/2"}],"replies":[{"embeddable":true,"href":"http:\/\/www.chapelle-crecy.com\/index.php?rest_route=%2Fwp%2Fv2%2Fcomments&post=1488"}],"version-history":[{"count":0,"href":"http:\/\/www.chapelle-crecy.com\/index.php?rest_route=\/wp\/v2\/posts\/1488\/revisions"}],"wp:attachment":[{"href":"http:\/\/www.chapelle-crecy.com\/index.php?rest_route=%2Fwp%2Fv2%2Fmedia&parent=1488"}],"wp:term":[{"taxonomy":"category","embeddable":true,"href":"http:\/\/www.chapelle-crecy.com\/index.php?rest_route=%2Fwp%2Fv2%2Fcategories&post=1488"},{"taxonomy":"post_tag","embeddable":true,"href":"http:\/\/www.chapelle-crecy.com\/index.php?rest_route=%2Fwp%2Fv2%2Ftags&post=1488"}],"curies":[{"name":"wp","href":"https:\/\/api.w.org\/{rel}","templated":true}]}}