{"id":1489,"date":"2023-11-06T13:26:36","date_gmt":"2023-11-06T13:26:36","guid":{"rendered":""},"modified":"-0001-11-30T00:00:00","modified_gmt":"-0001-11-29T22:00:00","slug":"","status":"publish","type":"post","link":"http:\/\/www.chapelle-crecy.com\/?p=1489","title":{"rendered":"Concert le 12 novembre \u00e0\u00a0 Voulangis"},"content":{"rendered":"<p>Dans le cadre des Dimanches Artistiques de Voulangis nous vous proposons un concert le 12 novembre \u00e0 16h \u00e0 l&rsquo;\u00e9glise Saint-Pierre. Le trio OPUS 3, chant, piano et violoncelle interpr\u00e9tera des oeuvres de Schubert, Faur\u00e9, Tcha\u00efkovski et Bernstein.<\/p>\n<div align=\"center\"><img decoding=\"async\" src=\"\/IMG\/culturel\/concert_nov2023.jpg\"><\/div>\n","protected":false},"excerpt":{"rendered":"<p>Dans le cadre des Dimanches Artistiques de Voulangis nous vous proposons un concert le 12 novembre \u00e0 16h \u00e0 l&rsquo;\u00e9glise Saint-Pierre. Le trio OPUS 3, chant, piano et violoncelle interpr\u00e9tera des oeuvres de Schubert,&#46;&#46;&#46;<\/p>\n","protected":false},"author":2,"featured_media":0,"comment_status":"open","ping_status":"open","sticky":false,"template":"","format":"standard","meta":{"footnotes":""},"categories":[],"tags":[],"class_list":["post-1489","post","type-post","status-publish","format-standard","hentry"],"_links":{"self":[{"href":"http:\/\/www.chapelle-crecy.com\/index.php?rest_route=\/wp\/v2\/posts\/1489","targetHints":{"allow":["GET"]}}],"collection":[{"href":"http:\/\/www.chapelle-crecy.com\/index.php?rest_route=\/wp\/v2\/posts"}],"about":[{"href":"http:\/\/www.chapelle-crecy.com\/index.php?rest_route=\/wp\/v2\/types\/post"}],"author":[{"embeddable":true,"href":"http:\/\/www.chapelle-crecy.com\/index.php?rest_route=\/wp\/v2\/users\/2"}],"replies":[{"embeddable":true,"href":"http:\/\/www.chapelle-crecy.com\/index.php?rest_route=%2Fwp%2Fv2%2Fcomments&post=1489"}],"version-history":[{"count":0,"href":"http:\/\/www.chapelle-crecy.com\/index.php?rest_route=\/wp\/v2\/posts\/1489\/revisions"}],"wp:attachment":[{"href":"http:\/\/www.chapelle-crecy.com\/index.php?rest_route=%2Fwp%2Fv2%2Fmedia&parent=1489"}],"wp:term":[{"taxonomy":"category","embeddable":true,"href":"http:\/\/www.chapelle-crecy.com\/index.php?rest_route=%2Fwp%2Fv2%2Fcategories&post=1489"},{"taxonomy":"post_tag","embeddable":true,"href":"http:\/\/www.chapelle-crecy.com\/index.php?rest_route=%2Fwp%2Fv2%2Ftags&post=1489"}],"curies":[{"name":"wp","href":"https:\/\/api.w.org\/{rel}","templated":true}]}}