{"id":149,"date":"2009-08-11T07:20:02","date_gmt":"2009-08-11T07:20:02","guid":{"rendered":""},"modified":"-0001-11-30T00:00:00","modified_gmt":"-0001-11-29T22:00:00","slug":"","status":"publish","type":"post","link":"http:\/\/www.chapelle-crecy.com\/?p=149","title":{"rendered":"T\u00e9moignage sur notre chemin de Compostelle"},"content":{"rendered":"<table bgcolor =\"F0FAFF\" border=0>\n<tbody>\n<tr>\n<td>\n<div align=\"justify\">\n<div \"62\">D\u00e8s que les beaux jours arrivent et que l&rsquo;air des vacances souffle comme une l\u00e9g\u00e8re brise, le premier r\u00e9flexe que nous avons, c&rsquo;est de rompre avec la monotonie quotidienne. Quoi de plus naturel que de prendre un b ton et de partir, loin, loin&#8230; Nous vous proposons aujourd&rsquo;hui le t\u00e9moignage tout chaud d&rsquo;un p\u00e8lerin de St Jacques, Dominique.<\/div>\n<\/td>\n<\/tr>\n<\/tbody>\n<\/table>\n<table bgcolor =\"F0FAFF\" border=0>\n<tbody>\n<tr>\n<td>\n<div align=\"justify\">Mon p\u00e8re s&rsquo;appelait Jacques et c&rsquo;est aussi mon quatri\u00e8me pr\u00e9nom. Du scoutisme, j&rsquo;ai gard\u00e9 entre autres choses le go\u00fbt de la marche. Ces deux faits ont sans doute ancr\u00e9 en moi l&rsquo;id\u00e9e de faire le chemin de Compostelle. De plus, un souci professionnel en1992 m&rsquo;a amen\u00e9 \u00e0 faire le voeu d&rsquo;aller \u00e0 Santiago quand j&rsquo;aurais termin\u00e9 ma vie professionnelle.<\/div>\n<p><\/p>\n<div align=\"justify\">Deuxi\u00e8me quinzaine d&rsquo;avril 2004, avec un couple ami, Claude et Josiane, ex-jacquets, Annie et moi avons fait le chemin du Puy \u00e0 Saint-Gilles du Gard. Puis, l&rsquo;ann\u00e9e suivante, \u00e0 pareille \u00e9poque, une partie du chemin des italiens d&rsquo;Arles \u00e0 la Salvetat-sur-Agout. Fin juillet d\u00e9but ao\u00fbt 2006, nous commencions le chemin du Puy-en-Velay jusqu&rsquo;\u00e0 Conques avec les m\u00eames et un autre ami, Jacques. Fin avril-d\u00e9but mai 2007, c&rsquo;est avec Paolo un ami italien rencontr\u00e9 sur le chemin d&rsquo;Arles, ex jacquet lui aussi, que nous avons rejoint Saint-Jean-Pied-de-Port depuis Conques. Dans la foul\u00e9e, Annie et moi avons fait la fameuse et redout\u00e9e \u00e9tape de Saint-Jean \u00e0 Roncevaux.<\/div>\n<p><\/p>\n<div align=\"center\"><img decoding=\"async\" src=\"http:\/\/www.chapelle-crecy.com\/IMG\/reportages\/compostelle1.jpg\" width=400\"><br \/>\nEtape 1, apr\u00e8s 8,3km, Puerto de Espinal, st\u00e8le invitant \u00e0 saluer N-D de Roncevaux par un Salve Regina<\/div>\n<p> <\/p>\n<div align=\"justify\">Retrait\u00e9 depuis le d\u00e9but de l&rsquo;ann\u00e9e 2009, le22 avril, nous rejoignons Roncevaux pour y passer la nuit et partir \u00e0 la fra \u00eeche, le lendemain, apr\u00e8s un r\u00e9veil \u00e0 6h pour \u00eatre sur le chemin au plus t\u00f4t une demi-heure voire trois quart d&rsquo;heure plus tard au mieux. Le jour est lev\u00e9, la nature \u00e0 peine \u00e9veill\u00e9e. C&rsquo;est un bonheur de partir dans le calme du matin apr\u00e8s une rapide toilette et un petit d\u00e9jeuner frugal, un au revoir \u00ab bon chemin\u00bb, \u00ab bonne journ\u00e9e \u00bb aux compagnons du g \u00eete autrement dit albergue en Espagne. Les hameaux sont \u00e0 peine \u00e9veill\u00e9s, les oiseaux sont nos compagnons, le chant du coq aussi, le beuglement des vaches \u00e0 l&rsquo;\u00e9table. Les cloches sonnent sept heures et nous en profitons pour r\u00e9citer l&rsquo;Angelus.<\/div>\n<p><\/p>\n<div align=\"justify\">Les paroles de cantique nous reviennent en m\u00e9moire d&rsquo;un jour \u00e0 l&rsquo;autre. Ce seront par exemple : \u00ab Nous te rendons gr\u00e2ce pour tant de merveilles \u00bb, \u00ab Que tes oeuvres sont belles \u00bb, \u00ab Que soit b\u00e9ni le nom de Dieu de si\u00e8cle en si\u00e8cle \u00bb et quand la fatigue est l\u00e0, que le chemin est interminable en fin d&rsquo;\u00e9tape, d&rsquo;autres chants de marche comme: \u00ab La route est longue, longue, longue\u00e2\u20ac\u00a6 \u00bb ou en d\u00e9but de marche : \u00abLe matin, tout resplendit tout chante \u00bb, \u00ab Chante \u00e0 la joie, chante \u00e0 la peine \u00bb etc.<\/div>\n<p><\/p>\n<div align=\"justify\">Nous marchons environ une heure et demie et nous faisons une pause dans un bar pour prendre un caf\u00e9 avec du lait. Puis, c&rsquo;est le moment que nous avons choisi pour dire le chapelet. Les intentions ne manquent pas : Nos enfants, nos petits-enfants notamment l&rsquo;a \u00een\u00e9e qui va faire bient\u00f4t sa premi\u00e8re communion, les couples, les jeunes qui se pr\u00e9parent au mariage, l&rsquo;\u00e9quipe Notre-Dame (END), les responsables des END, les malades et les soignants, les responsables de l&rsquo;hospitalit\u00e9, les pr\u00eatres, les responsables de l&rsquo;Eglise et les vocations sacerdotales et religieuses, la paix et les responsables financiers, \u00e9conomiques et politiques, les gens qui nous ont demand\u00e9s de prier pour eux, les cat\u00e9chum\u00e8nes, la vie harmonieuse entre pr\u00eatres et la\u00efcs, etc. Ensuite, je pars devant pour marcher \u00e0 mon rythme car ainsi la marche est moins fatigante et quand vient le mal aux pieds ou la fatigue, je chante le \u00ab Je vous salue Marie \u00bb de Chartres qui me ressource. Je parcours ainsi des kilom\u00e8tres en priant aux multiples intentions qui  me viennent \u00e0 l&rsquo;esprit. Quand une pens\u00e9e me hante, j&rsquo;invoque l&rsquo;Esprit-Saint par un chant et elle finit par s&rsquo;enfuir.<\/div>\n<p><\/p>\n<div align=\"center\"><img decoding=\"async\" src=\"http:\/\/www.chapelle-crecy.com\/IMG\/reportages\/compostelle2.jpg\" width=400\"><br \/>\nEtape3, apr\u00e8s Cizur Menor, Sierra del Perdon (780m)<\/div>\n<p> <\/p>\n<div align=\"justify\">A mi-\u00e9tape vers 10h30, nous faisons \u00e0 nouveau une pause dans un bar pour boire un jus d&rsquo;orange et manger si possible une tortilla.<\/div>\n<p><\/p>\n<div align=\"justify\">Quand nous passons pr\u00e8s d&rsquo;un ermitage, d&rsquo;une \u00e9glise, nous faisons une halte visite-pri\u00e8re, enthousiasm\u00e9s par leur beaut\u00e9. Les basiliques ou cath\u00e9drales sont g\u00e9n\u00e9ralement dans les villes \u00e9tape et nous prenons alors le temps de les visiter l&rsquo;apr\u00e8s-midi, apr\u00e8s l&rsquo;installation au g \u00eete.<\/div>\n<p><\/p>\n<div align=\"justify\">Nous gardons les meilleurs souvenirs des g \u00eetes associatifs, paroissiaux, monastiques o\u00f9 nous trouvions une atmosph\u00e8re particuli\u00e8re : un accueil plus chaleureux et parfois une invitation \u00e0 la pri\u00e8re. Quand nos h\u00f4tes ne nous proposaient pas le repas, nous pr\u00e9parions le plus souvent notre popote et la partagions \u00e0 l&rsquo;occasion avec d&rsquo;autres p\u00e8lerins.<\/div>\n<p><\/p>\n<div align=\"justify\">La vie sur le chemin est simple, nous y vivons la fraternit\u00e9 des p\u00e8lerins pr\u00eats \u00e0 se rendre service.<\/div>\n<p><\/p>\n<div align=\"justify\">Nous y rencontrons aussi des le\u00e7ons de vie en r\u00e9fl\u00e9chissant aux attitudes observ\u00e9es ou v\u00e9cues. Ainsi, un groupe de trois fran\u00e7ais(es) a investi la salle \u00e0 manger \u00e0 6h10, suivi par les autres p\u00e8lerins matinaux alors que David, le jeune hospitalier du g \u00eete paroissial, avait programm\u00e9 la premi\u00e8re vague de petits d\u00e9jeuners \u00e0 6h30. Je me suis aper\u00e7u qu&rsquo;entre temps il priait assis en tailleur dans sa chambre ; de m\u00eame, la veille, il m&rsquo;avait montr\u00e9 comment \u00e9teindre parce qu&rsquo;il partait prier. Il avait pr\u00e9par\u00e9 la table en pla\u00e7ant sur la serviette un petit coeur d\u00e9coup\u00e9 dans du papier sur lequel il avait inscrit le pr\u00e9nom de chaque p\u00e8lerin. A 6h30, David sort de sa chambre tout sourire mais avec une r\u00e9flexion sur les people fran\u00e7ais qui parlent bruyamment !<\/div>\n<p><\/p>\n<div align=\"justify\">Nous faisons aussi l&rsquo;exp\u00e9rience de la fragilit\u00e9 humaine, attentif \u00e0 l&rsquo;\u00e9volution de la moindre douleur. Sur les sis premiers jours, Annie a eu un mal de genou calm\u00e9 par le port d&rsquo;une genouill\u00e8re. Elle a soign\u00e9  des ampoules et un h\u00e9matome au petit orteil. Nous avons d\u00fb adapter notre progression en cons\u00e9quence. Nous faisions en moyenne des \u00e9tapes de 25km. La plus courte fut de 10km, les plus longues de 32km.<\/div>\n<p><\/p>\n<div align=\"justify\">Dans l&rsquo;ensemble, nous avons b\u00e9n\u00e9fici\u00e9 d&rsquo;un temps favorable au marcheur, alternance de temps couvert et de temps ensoleill\u00e9, parfois du crachin le matin ; nous rendons gr\u00e2ce car nous sommes pass\u00e9s \u00e0 c\u00f4t\u00e9 de nu\u00e9es d&rsquo;orage et avons \u00e9vit\u00e9 une apr\u00e8s-midi de pluie.<\/div>\n<p><\/p>\n<div align=\"justify\">Nous faisons des rencontres d&rsquo;un moment, d&rsquo;un soir ou nous avons la joie de nous revoir sur le chemin ou \u00e0 l&rsquo;arriv\u00e9e \u00e0 Compostelle. Nous voyons des p\u00e8lerins qui en sont \u00e0 leur cinqui\u00e8me ou sixi\u00e8me chemin de Compostelle, ou encore des rencontres de pri\u00e8re, de textes de M\u00e8re T\u00e9r\u00e9sa, d&rsquo;une brochure intitul\u00e9 : \u00ab Faire le chemin \u00bb \u00e0 partir de l&rsquo;exp\u00e9rience de Saint Jos\u00e9 Maria ESCRIVA, comme celle d\u00e9couverte dans le coin repos de l&rsquo;albergue de Santa Irene, pour nous, la derni\u00e8re avant Santiago. J&rsquo;en extrais ces quelques phrases : \u00ab Un chemin de foi est un chemin de sacrifices. Dans tout chemin, il y a des roses et des \u00e9pines, des moments de joie et des moments durs. La joie est partie int\u00e9grante de ton chemin \u00e2\u20ac\u00a6 Si nous permettons \u00e0 J\u00e9sus qu&rsquo;il nous accompagne, nous \u00e9prouverons une joie d\u00e9bordante dans notre coeur. \u00bb<\/div>\n<p><\/p>\n<div align=\"justify\">Nous sommes arriv\u00e9s  le 23 mai \u00e0 Saint Jacques de Compostelle heureux d&rsquo;avoir pu terminer  notre p\u00e8lerinage pour vivre la messe \u00e0 12h \u00e0 la cath\u00e9drale avec les soeurs de Cluny et le dioc\u00e8se de Viana de Castello dans lequel nous \u00e9tions all\u00e9s vivre les f\u00eates pascales et paroissiales avec trois couples de notre Equipe Notre-Dame avant de partir. J&rsquo;y ai vu une jeune animatrice portugaise diriger un choeur d&rsquo;enfants avec le sourire. En rentrant, ma premi\u00e8re animation liturgique s&rsquo;est faite aussi en souriant.<\/div>\n<p><\/p>\n<div align=\"justify\">Nous avions choisi de loger au Seminario Minor et nous y avons fait la rencontre \u00e9mouvante d&rsquo;un couple qu\u00e9b\u00e9cois au cours du d\u00e9jeuner improvis\u00e9. L&rsquo;apr\u00e8s-midi, nous avons \u00e9t\u00e9 chercher notre \u00ab Compostela \u00bb d\u00e9livr\u00e9e par l&rsquo;Oficina del peregrino o\u00f9 nous avons trouv\u00e9 un d\u00e9pliant pour nous aider \u00e0 visiter la cath\u00e9drale avec le passage par le Portique de la gloire, l&rsquo;accolade \u00e0 saint Jacques, la v\u00e9n\u00e9ration des reliques du saint et des ses disciples Athanase et Th\u00e9odore, la chapelle de l&rsquo;adoration, le sacrement de R\u00e9conciliation.<\/div>\n<p><\/p>\n<div align=\"justify\">Nous sommes devenus des compagnons de saint Jacques, charg\u00e9s de t\u00e9moigner, tout en reprenant notre chemin de vie et, comme un p\u00e9lerin allemand, en priant saint Jacques : \u00ab Montre-moi  le Seigneur ! \u00bb<\/div>\n<p><\/p>\n<div align=\"justify\">Si Dieu nous en donne la sant\u00e9 et la force, nous retenterons sans doute l&rsquo;exp\u00e9rience.<\/div>\n<p><\/p>\n<div align=\"justify\">*La Compostela est un document d&rsquo;\u00e9glise r\u00e9dig\u00e9 en latin authentifiant votre p\u00e8lerinage.\n<\/div>\n<\/td>\n<\/tr>\n<\/tbody>\n<\/table>\n","protected":false},"excerpt":{"rendered":"<p>D\u00e8s que les beaux jours arrivent et que l&rsquo;air des vacances souffle comme une l\u00e9g\u00e8re brise, le premier r\u00e9flexe que nous avons, c&rsquo;est de rompre avec la monotonie quotidienne. Quoi de plus naturel que&#46;&#46;&#46;<\/p>\n","protected":false},"author":2,"featured_media":0,"comment_status":"open","ping_status":"open","sticky":false,"template":"","format":"standard","meta":{"footnotes":""},"categories":[],"tags":[],"class_list":["post-149","post","type-post","status-publish","format-standard","hentry"],"_links":{"self":[{"href":"http:\/\/www.chapelle-crecy.com\/index.php?rest_route=\/wp\/v2\/posts\/149","targetHints":{"allow":["GET"]}}],"collection":[{"href":"http:\/\/www.chapelle-crecy.com\/index.php?rest_route=\/wp\/v2\/posts"}],"about":[{"href":"http:\/\/www.chapelle-crecy.com\/index.php?rest_route=\/wp\/v2\/types\/post"}],"author":[{"embeddable":true,"href":"http:\/\/www.chapelle-crecy.com\/index.php?rest_route=\/wp\/v2\/users\/2"}],"replies":[{"embeddable":true,"href":"http:\/\/www.chapelle-crecy.com\/index.php?rest_route=%2Fwp%2Fv2%2Fcomments&post=149"}],"version-history":[{"count":0,"href":"http:\/\/www.chapelle-crecy.com\/index.php?rest_route=\/wp\/v2\/posts\/149\/revisions"}],"wp:attachment":[{"href":"http:\/\/www.chapelle-crecy.com\/index.php?rest_route=%2Fwp%2Fv2%2Fmedia&parent=149"}],"wp:term":[{"taxonomy":"category","embeddable":true,"href":"http:\/\/www.chapelle-crecy.com\/index.php?rest_route=%2Fwp%2Fv2%2Fcategories&post=149"},{"taxonomy":"post_tag","embeddable":true,"href":"http:\/\/www.chapelle-crecy.com\/index.php?rest_route=%2Fwp%2Fv2%2Ftags&post=149"}],"curies":[{"name":"wp","href":"https:\/\/api.w.org\/{rel}","templated":true}]}}